{"id":2008,"date":"2022-06-08T13:27:06","date_gmt":"2022-06-08T13:27:06","guid":{"rendered":"http:\/\/181.39.81.124:9980\/compe_corp\/?p=2008"},"modified":"2022-06-09T16:36:10","modified_gmt":"2022-06-09T16:36:10","slug":"el-teletrabajo-consecuencia-del-covid-19","status":"publish","type":"post","link":"https:\/\/www.competencia.com.ec\/corporativo\/el-teletrabajo-consecuencia-del-covid-19\/","title":{"rendered":"EL TELETRABAJO CONSECUENCIA DEL COVID-19"},"content":{"rendered":"\t\t<div data-elementor-type=\"wp-post\" data-elementor-id=\"2008\" class=\"elementor elementor-2008\" data-elementor-settings=\"[]\">\n\t\t\t\t\t\t\t<div class=\"elementor-section-wrap\">\n\t\t\t\t\t\t\t<section class=\"has_ae_slider elementor-section elementor-top-section elementor-element elementor-element-4646bc2 elementor-section-boxed elementor-section-height-default elementor-section-height-default wpr-particle-no wpr-jarallax-no wpr-parallax-no wpr-sticky-section-no ae-bg-gallery-type-default\" data-id=\"4646bc2\" data-element_type=\"section\">\n\t\t\t\t\t\t<div class=\"elementor-container elementor-column-gap-default\">\n\t\t\t\t\t<div class=\"has_ae_slider elementor-column elementor-col-100 elementor-top-column elementor-element elementor-element-a5ebeb6 ae-bg-gallery-type-default\" data-id=\"a5ebeb6\" data-element_type=\"column\">\n\t\t\t<div class=\"elementor-widget-wrap elementor-element-populated\">\n\t\t\t\t\t\t\t\t<div class=\"elementor-element elementor-element-4248d80 elementor-widget elementor-widget-text-editor\" data-id=\"4248d80\" data-element_type=\"widget\" data-widget_type=\"text-editor.default\">\n\t\t\t\t<div class=\"elementor-widget-container\">\n\t\t\t<style>\/*! elementor - v3.5.6 - 28-02-2022 *\/\n.elementor-widget-text-editor.elementor-drop-cap-view-stacked .elementor-drop-cap{background-color:#818a91;color:#fff}.elementor-widget-text-editor.elementor-drop-cap-view-framed .elementor-drop-cap{color:#818a91;border:3px solid;background-color:transparent}.elementor-widget-text-editor:not(.elementor-drop-cap-view-default) .elementor-drop-cap{margin-top:8px}.elementor-widget-text-editor:not(.elementor-drop-cap-view-default) .elementor-drop-cap-letter{width:1em;height:1em}.elementor-widget-text-editor .elementor-drop-cap{float:left;text-align:center;line-height:1;font-size:50px}.elementor-widget-text-editor .elementor-drop-cap-letter{display:inline-block}<\/style>\t\t\t\t<p>El coronavirus impulsa el teletrabajo. La aparici\u00f3n del COVID-19, popularmente conocido como el coronavirus y su r\u00e1pida propagaci\u00f3n por todo el planeta, ha impulsado el trabajo en remoto; teletrabajo, homeworking, o simplemente el trabajo a distancia;\u00a0<strong>a fin de evitar la disminuci\u00f3n en las din\u00e1micas econ\u00f3micas.<\/strong><\/p>\t\t\t\t\t\t<\/div>\n\t\t\t\t<\/div>\n\t\t\t\t<div class=\"elementor-element elementor-element-fa5192c elementor-widget elementor-widget-text-editor\" data-id=\"fa5192c\" data-element_type=\"widget\" data-widget_type=\"text-editor.default\">\n\t\t\t\t<div class=\"elementor-widget-container\">\n\t\t\t\t\t\t\t<h4><strong>Latinoam\u00e9rica no est\u00e1 exenta de esta realidad.<\/strong><\/h4><p>En consecuencia, las empresas se han dispuesto a cumplir con su responsabilidad social adoptando las medidas de aislamiento o cuarentenas que han tomado los gobiernos en la mayor\u00eda de los pa\u00edses. Por lo tanto, los colaboradores est\u00e1n en casa; y desde ah\u00ed desempe\u00f1an sus labores en resguardo de su propia seguridad y la de sus compa\u00f1eros de trabajo.<\/p><p>Es cierto que el coronavirus impulsa el\u00a0<a href=\"https:\/\/competencia.com.ec\/soluciones-de-teletrabajo\/\" target=\"_blank\" rel=\"noreferrer noopener\">teletrabajo<\/a>. Sin embargo, el trabajo desde casa, surgi\u00f3 en el contexto de revoluci\u00f3n tecnol\u00f3gica en la que vivimos; y permanece en constante desarrollo. La conexi\u00f3n a Internet es la que posibilita la realizaci\u00f3n de tareas de la oficina desde el hogar.<\/p><p>Muchas empresas alrededor del mundo ya practicaban esta modalidad laboral desde hace algunos a\u00f1os. Sin embargo, muchas otras no estaban preparadas para ello; pero en virtud de la contingencia sanitaria mundial han debido implementarla para no disminuir su productividad.<\/p>\t\t\t\t\t\t<\/div>\n\t\t\t\t<\/div>\n\t\t\t\t<div class=\"elementor-element elementor-element-39b2810 elementor-widget elementor-widget-text-editor\" data-id=\"39b2810\" data-element_type=\"widget\" data-widget_type=\"text-editor.default\">\n\t\t\t\t<div class=\"elementor-widget-container\">\n\t\t\t\t\t\t\t<h4><strong>Las Empresas que no inviertan por lo menos 10% en nuevas tecnologias desapareceran.<\/strong><\/h4><p>La suspicacia entre los empleadores y los empleados est\u00e1 a la orden del d\u00eda en esta modalidad de trabajo. Generalmente, surgen dudas acerca de si el empleado estar\u00e1 cumpliendo con las horas que debe dedicar a sus labores; o si estar\u00e1 aprovechando el tiempo fuera de la oficina para dedicarse a asuntos familiares o personales.<\/p>\t\t\t\t\t\t<\/div>\n\t\t\t\t<\/div>\n\t\t\t\t<div class=\"elementor-element elementor-element-b232b7e elementor-widget elementor-widget-image\" data-id=\"b232b7e\" data-element_type=\"widget\" data-widget_type=\"image.default\">\n\t\t\t\t<div class=\"elementor-widget-container\">\n\t\t\t<style>\/*! elementor - v3.5.6 - 28-02-2022 *\/\n.elementor-widget-image{text-align:center}.elementor-widget-image a{display:inline-block}.elementor-widget-image a img[src$=\".svg\"]{width:48px}.elementor-widget-image img{vertical-align:middle;display:inline-block}<\/style>\t\t\t\t\t\t\t\t\t\t\t\t<img decoding=\"async\" src=\"https:\/\/www.competencia.com.ec\/corporativo\/wp-content\/uploads\/2022\/06\/blog_teletrabajo_img1.jpg\" title=\"blog_teletrabajo_img1\" alt=\"blog_teletrabajo_img1\" \/>\t\t\t\t\t\t\t\t\t\t\t\t\t\t\t<\/div>\n\t\t\t\t<\/div>\n\t\t\t\t<div class=\"elementor-element elementor-element-2da29cd elementor-widget elementor-widget-heading\" data-id=\"2da29cd\" data-element_type=\"widget\" data-widget_type=\"heading.default\">\n\t\t\t\t<div class=\"elementor-widget-container\">\n\t\t\t<style>\/*! elementor - v3.5.6 - 28-02-2022 *\/\n.elementor-heading-title{padding:0;margin:0;line-height:1}.elementor-widget-heading .elementor-heading-title[class*=elementor-size-]>a{color:inherit;font-size:inherit;line-height:inherit}.elementor-widget-heading .elementor-heading-title.elementor-size-small{font-size:15px}.elementor-widget-heading .elementor-heading-title.elementor-size-medium{font-size:19px}.elementor-widget-heading .elementor-heading-title.elementor-size-large{font-size:29px}.elementor-widget-heading .elementor-heading-title.elementor-size-xl{font-size:39px}.elementor-widget-heading .elementor-heading-title.elementor-size-xxl{font-size:59px}<\/style><h2 class=\"elementor-heading-title elementor-size-default\">EL CORONAVIRUS IMPULSA EL TELETRABAJO, PERO LA VIRTUALIDAD NUNCA PUEDE REEMPLAZAR LA PRESENCIA REAL<\/h2>\t\t<\/div>\n\t\t\t\t<\/div>\n\t\t\t\t<div class=\"elementor-element elementor-element-ba8dc37 elementor-widget elementor-widget-text-editor\" data-id=\"ba8dc37\" data-element_type=\"widget\" data-widget_type=\"text-editor.default\">\n\t\t\t\t<div class=\"elementor-widget-container\">\n\t\t\t\t\t\t\t<p>Ciertamente, la virtualidad nunca puede reemplazar la presencia real; sin embargo, es la mejor soluci\u00f3n en este tiempo de contingencia sanitaria mundial.\u00a0<strong>Por eso, la confianza y la libertad son las claves en la administraci\u00f3n del teletrabajo.<\/strong><\/p><p>El empleador debe definir claramente los objetivos del trabajo; y no contrarrestar la flexibilidad con m\u00faltiples restricciones. Para que funcione; tambi\u00e9n debe establecerse un s\u00f3lido compromiso con los empleados o colaboradores; tanto para el cumplimiento de las tareas como para el plazo de entrega de las asignaciones. Entre la empresa y el empleado se deben establecer acuerdos para organizar la forma de trabajo;\u00a0<strong>para medir los resultados; marcar el horario de conexi\u00f3n y la forma en la que ser\u00e1 evaluado el desempe\u00f1o.<\/strong><\/p><p><strong>Pero tambi\u00e9n es indispensable mantener la disciplina.<\/strong>\u00a0Es preciso contar con una especie de control de asistencia para los empleados; aunque no se trate de una asistencia real, sino de su presencia virtual.<\/p>\t\t\t\t\t\t<\/div>\n\t\t\t\t<\/div>\n\t\t\t\t<div class=\"elementor-element elementor-element-5976176 elementor-widget elementor-widget-heading\" data-id=\"5976176\" data-element_type=\"widget\" data-widget_type=\"heading.default\">\n\t\t\t\t<div class=\"elementor-widget-container\">\n\t\t\t<h2 class=\"elementor-heading-title elementor-size-default\">\u00bfC\u00d3MO IMPLEMENTAR EL CONTROL-ASISTENCIA DE EMPLEADOS EN EL TELETRABAJO?\n<\/h2>\t\t<\/div>\n\t\t\t\t<\/div>\n\t\t\t\t<div class=\"elementor-element elementor-element-0966c1d elementor-widget elementor-widget-text-editor\" data-id=\"0966c1d\" data-element_type=\"widget\" data-widget_type=\"text-editor.default\">\n\t\t\t\t<div class=\"elementor-widget-container\">\n\t\t\t\t\t\t\t<p>\u00daltimamente se han desarrollado m\u00faltiples herramientas digitales para el control asistencia de\u00a0<a href=\"https:\/\/competencia.com.ec\/inicio\/solucion-multibiometrica-con-reconocimiento-de-rostro-palma-deteccion-de-temperatura.html\" target=\"_blank\" rel=\"noreferrer noopener\">empleados a distancia<\/a>; una tendencia que se ha extendido en todo el planeta;\u00a0<strong>y que ha roto los l\u00edmites establecidos hasta ahora sobre el concepto de espacio laboral.<\/strong><\/p><p>Existen varias aplicaciones en el mercado, con que los empleados remotos utilizar\u00e1n su propio smartphone; tablet y\/o la computadora en sus casas para registrar las entradas y salidas de su horario en teletrabajo. Evite el incumplimiento de horario con los diversos niveles de detecci\u00f3n de posibles intentos de fraudes que usted puede habilitar si desea; y con la\u00a0<a href=\"https:\/\/competencia.com.ec\/inicio\/solucion-de-asistencia-y-control-de-acceso-sin-contacto-con-reconocimiento-facial.html\" target=\"_blank\" rel=\"noreferrer noopener\">tecnolog\u00eda de geolocalizaci\u00f3n<\/a>\u00a0ent\u00e9rese;\u00a0<strong>en tiempo real, si sus empleados est\u00e1n trabajando en su domicilio registrado.<\/strong><\/p>\t\t\t\t\t\t<\/div>\n\t\t\t\t<\/div>\n\t\t\t\t\t<\/div>\n\t\t<\/div>\n\t\t\t\t\t\t\t<\/div>\n\t\t<\/section>\n\t\t\t\t\t\t<\/div>\n\t\t\t\t\t<\/div>\n\t\t","protected":false},"excerpt":{"rendered":"<p>El coronavirus impulsa el teletrabajo. La aparici\u00f3n del COVID-19, popularmente conocido como el coronavirus y su r\u00e1pida propagaci\u00f3n por todo el planeta, ha impulsado el trabajo en remoto; teletrabajo, homeworking, o simplemente el trabajo a distancia; a fin de evitar la disminuci\u00f3n en&#8230;. <\/p>\n","protected":false},"author":1,"featured_media":2009,"comment_status":"open","ping_status":"open","sticky":false,"template":"","format":"standard","meta":[],"categories":[17],"tags":[],"yoast_head":"<!-- This site is optimized with the Yoast SEO plugin v20.4 - https:\/\/yoast.com\/wordpress\/plugins\/seo\/ -->\n<title>EL TELETRABAJO CONSECUENCIA DEL COVID-19 - La Competencia S.A<\/title>\n<meta name=\"robots\" content=\"index, follow, max-snippet:-1, max-image-preview:large, max-video-preview:-1\" \/>\n<link rel=\"canonical\" href=\"https:\/\/www.competencia.com.ec\/corporativo\/el-teletrabajo-consecuencia-del-covid-19\/\" \/>\n<meta property=\"og:locale\" content=\"es_ES\" \/>\n<meta property=\"og:type\" content=\"article\" \/>\n<meta property=\"og:title\" content=\"EL TELETRABAJO CONSECUENCIA DEL COVID-19 - La Competencia S.A\" \/>\n<meta property=\"og:description\" content=\"El coronavirus impulsa el teletrabajo. La aparici\u00f3n del COVID-19, popularmente conocido como el coronavirus y su r\u00e1pida propagaci\u00f3n por todo el planeta, ha impulsado el trabajo en remoto; teletrabajo, homeworking, o simplemente el trabajo a distancia; a fin de evitar la disminuci\u00f3n en....\" \/>\n<meta property=\"og:url\" content=\"https:\/\/www.competencia.com.ec\/corporativo\/el-teletrabajo-consecuencia-del-covid-19\/\" \/>\n<meta property=\"og:site_name\" content=\"La Competencia S.A\" \/>\n<meta property=\"article:publisher\" content=\"https:\/\/www.facebook.com\/lacompetenciasa\/\" \/>\n<meta property=\"article:published_time\" content=\"2022-06-08T13:27:06+00:00\" \/>\n<meta property=\"article:modified_time\" content=\"2022-06-09T16:36:10+00:00\" \/>\n<meta property=\"og:image\" content=\"https:\/\/www.competencia.com.ec\/corporativo\/wp-content\/uploads\/2022\/06\/banner_teletrabajo.jpg\" \/>\n\t<meta property=\"og:image:width\" content=\"1920\" \/>\n\t<meta property=\"og:image:height\" content=\"750\" \/>\n\t<meta property=\"og:image:type\" content=\"image\/jpeg\" \/>\n<meta name=\"author\" content=\"admin\" \/>\n<meta name=\"twitter:card\" content=\"summary_large_image\" \/>\n<meta name=\"twitter:label1\" content=\"Escrito por\" \/>\n\t<meta name=\"twitter:data1\" content=\"admin\" \/>\n\t<meta name=\"twitter:label2\" content=\"Tiempo de lectura\" \/>\n\t<meta name=\"twitter:data2\" content=\"3 minutos\" \/>\n<script type=\"application\/ld+json\" class=\"yoast-schema-graph\">{\"@context\":\"https:\/\/schema.org\",\"@graph\":[{\"@type\":\"Article\",\"@id\":\"https:\/\/www.competencia.com.ec\/corporativo\/el-teletrabajo-consecuencia-del-covid-19\/#article\",\"isPartOf\":{\"@id\":\"https:\/\/www.competencia.com.ec\/corporativo\/el-teletrabajo-consecuencia-del-covid-19\/\"},\"author\":{\"name\":\"admin\",\"@id\":\"https:\/\/www.competencia.com.ec\/corporativo\/#\/schema\/person\/e1433f47ae15c214ad0b77407f167624\"},\"headline\":\"EL TELETRABAJO CONSECUENCIA DEL COVID-19\",\"datePublished\":\"2022-06-08T13:27:06+00:00\",\"dateModified\":\"2022-06-09T16:36:10+00:00\",\"mainEntityOfPage\":{\"@id\":\"https:\/\/www.competencia.com.ec\/corporativo\/el-teletrabajo-consecuencia-del-covid-19\/\"},\"wordCount\":605,\"commentCount\":0,\"publisher\":{\"@id\":\"https:\/\/www.competencia.com.ec\/corporativo\/#organization\"},\"articleSection\":[\"Tiempo, Asistencia, Gesti\u00f3n y Seguridad\"],\"inLanguage\":\"es\",\"potentialAction\":[{\"@type\":\"CommentAction\",\"name\":\"Comment\",\"target\":[\"https:\/\/www.competencia.com.ec\/corporativo\/el-teletrabajo-consecuencia-del-covid-19\/#respond\"]}]},{\"@type\":\"WebPage\",\"@id\":\"https:\/\/www.competencia.com.ec\/corporativo\/el-teletrabajo-consecuencia-del-covid-19\/\",\"url\":\"https:\/\/www.competencia.com.ec\/corporativo\/el-teletrabajo-consecuencia-del-covid-19\/\",\"name\":\"EL TELETRABAJO CONSECUENCIA DEL COVID-19 - La Competencia S.A\",\"isPartOf\":{\"@id\":\"https:\/\/www.competencia.com.ec\/corporativo\/#website\"},\"datePublished\":\"2022-06-08T13:27:06+00:00\",\"dateModified\":\"2022-06-09T16:36:10+00:00\",\"breadcrumb\":{\"@id\":\"https:\/\/www.competencia.com.ec\/corporativo\/el-teletrabajo-consecuencia-del-covid-19\/#breadcrumb\"},\"inLanguage\":\"es\",\"potentialAction\":[{\"@type\":\"ReadAction\",\"target\":[\"https:\/\/www.competencia.com.ec\/corporativo\/el-teletrabajo-consecuencia-del-covid-19\/\"]}]},{\"@type\":\"BreadcrumbList\",\"@id\":\"https:\/\/www.competencia.com.ec\/corporativo\/el-teletrabajo-consecuencia-del-covid-19\/#breadcrumb\",\"itemListElement\":[{\"@type\":\"ListItem\",\"position\":1,\"name\":\"Portada\",\"item\":\"https:\/\/www.competencia.com.ec\/corporativo\/\"},{\"@type\":\"ListItem\",\"position\":2,\"name\":\"Tiempo, Asistencia, Gesti\u00f3n y Seguridad\",\"item\":\"https:\/\/www.competencia.com.ec\/corporativo\/category\/tags\/\"},{\"@type\":\"ListItem\",\"position\":3,\"name\":\"EL TELETRABAJO CONSECUENCIA DEL COVID-19\"}]},{\"@type\":\"WebSite\",\"@id\":\"https:\/\/www.competencia.com.ec\/corporativo\/#website\",\"url\":\"https:\/\/www.competencia.com.ec\/corporativo\/\",\"name\":\"La Competencia S.A\",\"description\":\"Otro sitio realizado con WordPress\",\"publisher\":{\"@id\":\"https:\/\/www.competencia.com.ec\/corporativo\/#organization\"},\"alternateName\":\"competencia.com.ec\",\"potentialAction\":[{\"@type\":\"SearchAction\",\"target\":{\"@type\":\"EntryPoint\",\"urlTemplate\":\"https:\/\/www.competencia.com.ec\/corporativo\/?s={search_term_string}\"},\"query-input\":\"required name=search_term_string\"}],\"inLanguage\":\"es\"},{\"@type\":\"Organization\",\"@id\":\"https:\/\/www.competencia.com.ec\/corporativo\/#organization\",\"name\":\"LA COMPETENCIA S.A.\",\"alternateName\":\"competencia.com.ec\",\"url\":\"https:\/\/www.competencia.com.ec\/corporativo\/\",\"logo\":{\"@type\":\"ImageObject\",\"inLanguage\":\"es\",\"@id\":\"https:\/\/www.competencia.com.ec\/corporativo\/#\/schema\/logo\/image\/\",\"url\":\"https:\/\/www.competencia.com.ec\/corporativo\/wp-content\/uploads\/2022\/03\/cropped-Logo-horizontal-230x35-1.png\",\"contentUrl\":\"https:\/\/www.competencia.com.ec\/corporativo\/wp-content\/uploads\/2022\/03\/cropped-Logo-horizontal-230x35-1.png\",\"width\":230,\"height\":35,\"caption\":\"LA COMPETENCIA S.A.\"},\"image\":{\"@id\":\"https:\/\/www.competencia.com.ec\/corporativo\/#\/schema\/logo\/image\/\"},\"sameAs\":[\"https:\/\/www.facebook.com\/lacompetenciasa\/\"]},{\"@type\":\"Person\",\"@id\":\"https:\/\/www.competencia.com.ec\/corporativo\/#\/schema\/person\/e1433f47ae15c214ad0b77407f167624\",\"name\":\"admin\",\"image\":{\"@type\":\"ImageObject\",\"inLanguage\":\"es\",\"@id\":\"https:\/\/www.competencia.com.ec\/corporativo\/#\/schema\/person\/image\/\",\"url\":\"https:\/\/secure.gravatar.com\/avatar\/ad516503a11cd5ca435acc9bb6523536?s=150&#038;d=mm&#038;r=gforcedefault=1\",\"contentUrl\":\"https:\/\/secure.gravatar.com\/avatar\/ad516503a11cd5ca435acc9bb6523536?s=150&#038;d=mm&#038;r=gforcedefault=1\",\"caption\":\"admin\"},\"sameAs\":[\"http:\/\/10.0.0.35\/compe_corp\"]}]}<\/script>\n<!-- \/ Yoast SEO plugin. -->","yoast_head_json":{"title":"EL TELETRABAJO CONSECUENCIA DEL COVID-19 - La Competencia S.A","robots":{"index":"index","follow":"follow","max-snippet":"max-snippet:-1","max-image-preview":"max-image-preview:large","max-video-preview":"max-video-preview:-1"},"canonical":"https:\/\/www.competencia.com.ec\/corporativo\/el-teletrabajo-consecuencia-del-covid-19\/","og_locale":"es_ES","og_type":"article","og_title":"EL TELETRABAJO CONSECUENCIA DEL COVID-19 - La Competencia S.A","og_description":"El coronavirus impulsa el teletrabajo. La aparici\u00f3n del COVID-19, popularmente conocido como el coronavirus y su r\u00e1pida propagaci\u00f3n por todo el planeta, ha impulsado el trabajo en remoto; teletrabajo, homeworking, o simplemente el trabajo a distancia; a fin de evitar la disminuci\u00f3n en....","og_url":"https:\/\/www.competencia.com.ec\/corporativo\/el-teletrabajo-consecuencia-del-covid-19\/","og_site_name":"La Competencia S.A","article_publisher":"https:\/\/www.facebook.com\/lacompetenciasa\/","article_published_time":"2022-06-08T13:27:06+00:00","article_modified_time":"2022-06-09T16:36:10+00:00","og_image":[{"width":1920,"height":750,"url":"https:\/\/www.competencia.com.ec\/corporativo\/wp-content\/uploads\/2022\/06\/banner_teletrabajo.jpg","type":"image\/jpeg"}],"author":"admin","twitter_card":"summary_large_image","twitter_misc":{"Escrito por":"admin","Tiempo de lectura":"3 minutos"},"schema":{"@context":"https:\/\/schema.org","@graph":[{"@type":"Article","@id":"https:\/\/www.competencia.com.ec\/corporativo\/el-teletrabajo-consecuencia-del-covid-19\/#article","isPartOf":{"@id":"https:\/\/www.competencia.com.ec\/corporativo\/el-teletrabajo-consecuencia-del-covid-19\/"},"author":{"name":"admin","@id":"https:\/\/www.competencia.com.ec\/corporativo\/#\/schema\/person\/e1433f47ae15c214ad0b77407f167624"},"headline":"EL TELETRABAJO CONSECUENCIA DEL COVID-19","datePublished":"2022-06-08T13:27:06+00:00","dateModified":"2022-06-09T16:36:10+00:00","mainEntityOfPage":{"@id":"https:\/\/www.competencia.com.ec\/corporativo\/el-teletrabajo-consecuencia-del-covid-19\/"},"wordCount":605,"commentCount":0,"publisher":{"@id":"https:\/\/www.competencia.com.ec\/corporativo\/#organization"},"articleSection":["Tiempo, Asistencia, Gesti\u00f3n y Seguridad"],"inLanguage":"es","potentialAction":[{"@type":"CommentAction","name":"Comment","target":["https:\/\/www.competencia.com.ec\/corporativo\/el-teletrabajo-consecuencia-del-covid-19\/#respond"]}]},{"@type":"WebPage","@id":"https:\/\/www.competencia.com.ec\/corporativo\/el-teletrabajo-consecuencia-del-covid-19\/","url":"https:\/\/www.competencia.com.ec\/corporativo\/el-teletrabajo-consecuencia-del-covid-19\/","name":"EL TELETRABAJO CONSECUENCIA DEL COVID-19 - La Competencia S.A","isPartOf":{"@id":"https:\/\/www.competencia.com.ec\/corporativo\/#website"},"datePublished":"2022-06-08T13:27:06+00:00","dateModified":"2022-06-09T16:36:10+00:00","breadcrumb":{"@id":"https:\/\/www.competencia.com.ec\/corporativo\/el-teletrabajo-consecuencia-del-covid-19\/#breadcrumb"},"inLanguage":"es","potentialAction":[{"@type":"ReadAction","target":["https:\/\/www.competencia.com.ec\/corporativo\/el-teletrabajo-consecuencia-del-covid-19\/"]}]},{"@type":"BreadcrumbList","@id":"https:\/\/www.competencia.com.ec\/corporativo\/el-teletrabajo-consecuencia-del-covid-19\/#breadcrumb","itemListElement":[{"@type":"ListItem","position":1,"name":"Portada","item":"https:\/\/www.competencia.com.ec\/corporativo\/"},{"@type":"ListItem","position":2,"name":"Tiempo, Asistencia, Gesti\u00f3n y Seguridad","item":"https:\/\/www.competencia.com.ec\/corporativo\/category\/tags\/"},{"@type":"ListItem","position":3,"name":"EL TELETRABAJO CONSECUENCIA DEL COVID-19"}]},{"@type":"WebSite","@id":"https:\/\/www.competencia.com.ec\/corporativo\/#website","url":"https:\/\/www.competencia.com.ec\/corporativo\/","name":"La Competencia S.A","description":"Otro sitio realizado con WordPress","publisher":{"@id":"https:\/\/www.competencia.com.ec\/corporativo\/#organization"},"alternateName":"competencia.com.ec","potentialAction":[{"@type":"SearchAction","target":{"@type":"EntryPoint","urlTemplate":"https:\/\/www.competencia.com.ec\/corporativo\/?s={search_term_string}"},"query-input":"required name=search_term_string"}],"inLanguage":"es"},{"@type":"Organization","@id":"https:\/\/www.competencia.com.ec\/corporativo\/#organization","name":"LA COMPETENCIA S.A.","alternateName":"competencia.com.ec","url":"https:\/\/www.competencia.com.ec\/corporativo\/","logo":{"@type":"ImageObject","inLanguage":"es","@id":"https:\/\/www.competencia.com.ec\/corporativo\/#\/schema\/logo\/image\/","url":"https:\/\/www.competencia.com.ec\/corporativo\/wp-content\/uploads\/2022\/03\/cropped-Logo-horizontal-230x35-1.png","contentUrl":"https:\/\/www.competencia.com.ec\/corporativo\/wp-content\/uploads\/2022\/03\/cropped-Logo-horizontal-230x35-1.png","width":230,"height":35,"caption":"LA COMPETENCIA S.A."},"image":{"@id":"https:\/\/www.competencia.com.ec\/corporativo\/#\/schema\/logo\/image\/"},"sameAs":["https:\/\/www.facebook.com\/lacompetenciasa\/"]},{"@type":"Person","@id":"https:\/\/www.competencia.com.ec\/corporativo\/#\/schema\/person\/e1433f47ae15c214ad0b77407f167624","name":"admin","image":{"@type":"ImageObject","inLanguage":"es","@id":"https:\/\/www.competencia.com.ec\/corporativo\/#\/schema\/person\/image\/","url":"https:\/\/secure.gravatar.com\/avatar\/ad516503a11cd5ca435acc9bb6523536?s=150&#038;d=mm&#038;r=gforcedefault=1","contentUrl":"https:\/\/secure.gravatar.com\/avatar\/ad516503a11cd5ca435acc9bb6523536?s=150&#038;d=mm&#038;r=gforcedefault=1","caption":"admin"},"sameAs":["http:\/\/10.0.0.35\/compe_corp"]}]}},"_links":{"self":[{"href":"https:\/\/www.competencia.com.ec\/corporativo\/wp-json\/wp\/v2\/posts\/2008"}],"collection":[{"href":"https:\/\/www.competencia.com.ec\/corporativo\/wp-json\/wp\/v2\/posts"}],"about":[{"href":"https:\/\/www.competencia.com.ec\/corporativo\/wp-json\/wp\/v2\/types\/post"}],"author":[{"embeddable":true,"href":"https:\/\/www.competencia.com.ec\/corporativo\/wp-json\/wp\/v2\/users\/1"}],"replies":[{"embeddable":true,"href":"https:\/\/www.competencia.com.ec\/corporativo\/wp-json\/wp\/v2\/comments?post=2008"}],"version-history":[{"count":7,"href":"https:\/\/www.competencia.com.ec\/corporativo\/wp-json\/wp\/v2\/posts\/2008\/revisions"}],"predecessor-version":[{"id":5804,"href":"https:\/\/www.competencia.com.ec\/corporativo\/wp-json\/wp\/v2\/posts\/2008\/revisions\/5804"}],"wp:featuredmedia":[{"embeddable":true,"href":"https:\/\/www.competencia.com.ec\/corporativo\/wp-json\/wp\/v2\/media\/2009"}],"wp:attachment":[{"href":"https:\/\/www.competencia.com.ec\/corporativo\/wp-json\/wp\/v2\/media?parent=2008"}],"wp:term":[{"taxonomy":"category","embeddable":true,"href":"https:\/\/www.competencia.com.ec\/corporativo\/wp-json\/wp\/v2\/categories?post=2008"},{"taxonomy":"post_tag","embeddable":true,"href":"https:\/\/www.competencia.com.ec\/corporativo\/wp-json\/wp\/v2\/tags?post=2008"}],"curies":[{"name":"wp","href":"https:\/\/api.w.org\/{rel}","templated":true}]}}