{"id":2135,"date":"2022-06-09T13:49:01","date_gmt":"2022-06-09T13:49:01","guid":{"rendered":"http:\/\/181.39.81.124:9980\/compe_corp\/?p=2135"},"modified":"2022-08-16T00:26:09","modified_gmt":"2022-08-16T05:26:09","slug":"como-elegir-el-software-mas-adecuado-de-control-y-administracion-de-personal","status":"publish","type":"post","link":"https:\/\/www.competencia.com.ec\/corporativo\/como-elegir-el-software-mas-adecuado-de-control-y-administracion-de-personal\/","title":{"rendered":"C\u00d3MO ELEGIR EL SOFTWARE M\u00c1S ADECUADO DE CONTROL Y ADMINISTRACI\u00d3N DE PERSONAL?"},"content":{"rendered":"\t\t<div data-elementor-type=\"wp-post\" data-elementor-id=\"2135\" class=\"elementor elementor-2135\" data-elementor-settings=\"[]\">\n\t\t\t\t\t\t\t<div class=\"elementor-section-wrap\">\n\t\t\t\t\t\t\t<section class=\"has_ae_slider elementor-section elementor-top-section elementor-element elementor-element-f0284ac elementor-section-boxed elementor-section-height-default elementor-section-height-default wpr-particle-no wpr-jarallax-no wpr-parallax-no wpr-sticky-section-no ae-bg-gallery-type-default\" data-id=\"f0284ac\" data-element_type=\"section\">\n\t\t\t\t\t\t<div class=\"elementor-container elementor-column-gap-default\">\n\t\t\t\t\t<div class=\"has_ae_slider elementor-column elementor-col-100 elementor-top-column elementor-element elementor-element-8298c1d ae-bg-gallery-type-default\" data-id=\"8298c1d\" data-element_type=\"column\">\n\t\t\t<div class=\"elementor-widget-wrap elementor-element-populated\">\n\t\t\t\t\t\t\t\t<div class=\"elementor-element elementor-element-43dc3a7 elementor-widget elementor-widget-text-editor\" data-id=\"43dc3a7\" data-element_type=\"widget\" data-widget_type=\"text-editor.default\">\n\t\t\t\t<div class=\"elementor-widget-container\">\n\t\t\t<style>\/*! elementor - v3.5.6 - 28-02-2022 *\/\n.elementor-widget-text-editor.elementor-drop-cap-view-stacked .elementor-drop-cap{background-color:#818a91;color:#fff}.elementor-widget-text-editor.elementor-drop-cap-view-framed .elementor-drop-cap{color:#818a91;border:3px solid;background-color:transparent}.elementor-widget-text-editor:not(.elementor-drop-cap-view-default) .elementor-drop-cap{margin-top:8px}.elementor-widget-text-editor:not(.elementor-drop-cap-view-default) .elementor-drop-cap-letter{width:1em;height:1em}.elementor-widget-text-editor .elementor-drop-cap{float:left;text-align:center;line-height:1;font-size:50px}.elementor-widget-text-editor .elementor-drop-cap-letter{display:inline-block}<\/style>\t\t\t\t<p>En nuestros d\u00edas para que una empresa compita y sea rentable viene ligado de acuerdo a c\u00f3mo la misma optimiza sus recursos, reduce costos, tiene la capacidad de automatizar los procesos, mejora en lo que respecta a su toma de decisiones y cuenta con un equipo eficiente y bien administrado.<\/p><p>Por lo mencionado antes, es primordial que se tenga una buena selecci\u00f3n del software de control y administraci\u00f3n del personal y que esta sea hecha de la mejor manera para que la empresa pueda cumplir con los objetivos asociados a costos e incremento de productividad.<\/p><p>\u00a0<\/p>\t\t\t\t\t\t<\/div>\n\t\t\t\t<\/div>\n\t\t\t\t<div class=\"elementor-element elementor-element-47078f8 elementor-widget elementor-widget-image\" data-id=\"47078f8\" data-element_type=\"widget\" data-widget_type=\"image.default\">\n\t\t\t\t<div class=\"elementor-widget-container\">\n\t\t\t<style>\/*! elementor - v3.5.6 - 28-02-2022 *\/\n.elementor-widget-image{text-align:center}.elementor-widget-image a{display:inline-block}.elementor-widget-image a img[src$=\".svg\"]{width:48px}.elementor-widget-image img{vertical-align:middle;display:inline-block}<\/style>\t\t\t\t\t\t\t\t\t\t\t\t<img decoding=\"async\" width=\"620\" height=\"390\" src=\"https:\/\/www.competencia.com.ec\/corporativo\/wp-content\/uploads\/2022\/06\/img1-art-2-line-cloud.png\" class=\"attachment-large size-large\" alt=\"\" loading=\"lazy\" srcset=\"https:\/\/www.competencia.com.ec\/corporativo\/wp-content\/uploads\/2022\/06\/img1-art-2-line-cloud.png 620w, https:\/\/www.competencia.com.ec\/corporativo\/wp-content\/uploads\/2022\/06\/img1-art-2-line-cloud-596x375.png 596w, https:\/\/www.competencia.com.ec\/corporativo\/wp-content\/uploads\/2022\/06\/img1-art-2-line-cloud-600x377.png 600w\" sizes=\"(max-width: 620px) 100vw, 620px\" \/>\t\t\t\t\t\t\t\t\t\t\t\t\t\t\t<\/div>\n\t\t\t\t<\/div>\n\t\t\t\t<div class=\"elementor-element elementor-element-d4cb338 elementor-widget elementor-widget-text-editor\" data-id=\"d4cb338\" data-element_type=\"widget\" data-widget_type=\"text-editor.default\">\n\t\t\t\t<div class=\"elementor-widget-container\">\n\t\t\t\t\t\t\t<p>A continuaci\u00f3n, se presentar\u00e1 que deben tomar en cuenta para obtener una buena selecci\u00f3n de dicho software:<\/p><p>\u00a0<\/p>\t\t\t\t\t\t<\/div>\n\t\t\t\t<\/div>\n\t\t\t\t<div class=\"elementor-element elementor-element-77b3fa2 elementor-widget elementor-widget-heading\" data-id=\"77b3fa2\" data-element_type=\"widget\" data-widget_type=\"heading.default\">\n\t\t\t\t<div class=\"elementor-widget-container\">\n\t\t\t<style>\/*! elementor - v3.5.6 - 28-02-2022 *\/\n.elementor-heading-title{padding:0;margin:0;line-height:1}.elementor-widget-heading .elementor-heading-title[class*=elementor-size-]>a{color:inherit;font-size:inherit;line-height:inherit}.elementor-widget-heading .elementor-heading-title.elementor-size-small{font-size:15px}.elementor-widget-heading .elementor-heading-title.elementor-size-medium{font-size:19px}.elementor-widget-heading .elementor-heading-title.elementor-size-large{font-size:29px}.elementor-widget-heading .elementor-heading-title.elementor-size-xl{font-size:39px}.elementor-widget-heading .elementor-heading-title.elementor-size-xxl{font-size:59px}<\/style><h4 class=\"elementor-heading-title elementor-size-default\">1. Reconocer el problema y oportunidad de mejora\n\n<\/h4>\t\t<\/div>\n\t\t\t\t<\/div>\n\t\t\t\t<div class=\"elementor-element elementor-element-1f3ae0b elementor-widget elementor-widget-text-editor\" data-id=\"1f3ae0b\" data-element_type=\"widget\" data-widget_type=\"text-editor.default\">\n\t\t\t\t<div class=\"elementor-widget-container\">\n\t\t\t\t\t\t\t<p>Primero se debe considerar que, al automatizar la gesti\u00f3n de la asistencia del personal har\u00e1 que sea beneficioso de manera que optimizar\u00e1 procesos y ayudar\u00e1 a la reducci\u00f3n de costos. Si no cumple con esto no valdr\u00e1 la pena evaluar alternativas puesto que ser\u00eda una p\u00e9rdida de tiempo.<\/p>\t\t\t\t\t\t<\/div>\n\t\t\t\t<\/div>\n\t\t\t\t<div class=\"elementor-element elementor-element-9a7b957 elementor-widget elementor-widget-image\" data-id=\"9a7b957\" data-element_type=\"widget\" data-widget_type=\"image.default\">\n\t\t\t\t<div class=\"elementor-widget-container\">\n\t\t\t\t\t\t\t\t\t\t\t\t\t\t\t<img decoding=\"async\" width=\"620\" height=\"390\" src=\"https:\/\/www.competencia.com.ec\/corporativo\/wp-content\/uploads\/2022\/06\/img2-art-2-line-cloud.png\" class=\"attachment-large size-large\" alt=\"\" loading=\"lazy\" srcset=\"https:\/\/www.competencia.com.ec\/corporativo\/wp-content\/uploads\/2022\/06\/img2-art-2-line-cloud.png 620w, https:\/\/www.competencia.com.ec\/corporativo\/wp-content\/uploads\/2022\/06\/img2-art-2-line-cloud-596x375.png 596w, https:\/\/www.competencia.com.ec\/corporativo\/wp-content\/uploads\/2022\/06\/img2-art-2-line-cloud-600x377.png 600w\" sizes=\"(max-width: 620px) 100vw, 620px\" \/>\t\t\t\t\t\t\t\t\t\t\t\t\t\t\t<\/div>\n\t\t\t\t<\/div>\n\t\t\t\t<div class=\"elementor-element elementor-element-1237809 elementor-widget elementor-widget-heading\" data-id=\"1237809\" data-element_type=\"widget\" data-widget_type=\"heading.default\">\n\t\t\t\t<div class=\"elementor-widget-container\">\n\t\t\t<h4 class=\"elementor-heading-title elementor-size-default\">2. Caracter\u00edsticas m\u00ednimas necesarias que todo software debe incluir\n\n<\/h4>\t\t<\/div>\n\t\t\t\t<\/div>\n\t\t\t\t<div class=\"elementor-element elementor-element-7524948 elementor-widget elementor-widget-text-editor\" data-id=\"7524948\" data-element_type=\"widget\" data-widget_type=\"text-editor.default\">\n\t\t\t\t<div class=\"elementor-widget-container\">\n\t\t\t\t\t\t\t<p>Dependiendo la empresa, cada una cuenta con distintas particularidades y pol\u00edticas, por lo tanto, se debe considerar esto a la hora de ver un aplicativo. Tambi\u00e9n depender\u00e1 del sector econ\u00f3mico ya que la din\u00e1mica de las jornadas laborales var\u00eda. Por lo tanto, se debe tener en cuenta que el software cumpla con la principal caracter\u00edstica que es la flexibilidad.<\/p><p>Se debe elaborar una plantilla con todo el control de la empresa para lograr automatizarla y controlar la jornada de trabajo. Para facilitar esto lo podemos agruparlas en 3 tipos de control:<\/p><p>Personal con horarios est\u00e1ndar administrativos y\/o rotativos<\/p>\t\t\t\t\t\t<\/div>\n\t\t\t\t<\/div>\n\t\t\t\t<div class=\"elementor-element elementor-element-382349c elementor-widget elementor-widget-image\" data-id=\"382349c\" data-element_type=\"widget\" data-widget_type=\"image.default\">\n\t\t\t\t<div class=\"elementor-widget-container\">\n\t\t\t\t\t\t\t\t\t\t\t\t\t\t\t<img decoding=\"async\" width=\"620\" height=\"390\" src=\"https:\/\/www.competencia.com.ec\/corporativo\/wp-content\/uploads\/2022\/06\/img3-art-2-line-cloud.png\" class=\"attachment-large size-large\" alt=\"\" loading=\"lazy\" srcset=\"https:\/\/www.competencia.com.ec\/corporativo\/wp-content\/uploads\/2022\/06\/img3-art-2-line-cloud.png 620w, https:\/\/www.competencia.com.ec\/corporativo\/wp-content\/uploads\/2022\/06\/img3-art-2-line-cloud-596x375.png 596w, https:\/\/www.competencia.com.ec\/corporativo\/wp-content\/uploads\/2022\/06\/img3-art-2-line-cloud-600x377.png 600w\" sizes=\"(max-width: 620px) 100vw, 620px\" \/>\t\t\t\t\t\t\t\t\t\t\t\t\t\t\t<\/div>\n\t\t\t\t<\/div>\n\t\t\t\t<div class=\"elementor-element elementor-element-ece0056 elementor-widget elementor-widget-text-editor\" data-id=\"ece0056\" data-element_type=\"widget\" data-widget_type=\"text-editor.default\">\n\t\t\t\t<div class=\"elementor-widget-container\">\n\t\t\t\t\t\t\t<p>Personal con horarios flexibles o din\u00e1micos como aquellos que se encuentran en industrias o servicios como hospitales u hoteles<\/p>\t\t\t\t\t\t<\/div>\n\t\t\t\t<\/div>\n\t\t\t\t<div class=\"elementor-element elementor-element-c0b5650 elementor-widget elementor-widget-image\" data-id=\"c0b5650\" data-element_type=\"widget\" data-widget_type=\"image.default\">\n\t\t\t\t<div class=\"elementor-widget-container\">\n\t\t\t\t\t\t\t\t\t\t\t\t\t\t\t<img decoding=\"async\" width=\"620\" height=\"390\" src=\"https:\/\/www.competencia.com.ec\/corporativo\/wp-content\/uploads\/2022\/06\/img4-art-2-line-cloud.png\" class=\"attachment-large size-large\" alt=\"\" loading=\"lazy\" srcset=\"https:\/\/www.competencia.com.ec\/corporativo\/wp-content\/uploads\/2022\/06\/img4-art-2-line-cloud.png 620w, https:\/\/www.competencia.com.ec\/corporativo\/wp-content\/uploads\/2022\/06\/img4-art-2-line-cloud-596x375.png 596w, https:\/\/www.competencia.com.ec\/corporativo\/wp-content\/uploads\/2022\/06\/img4-art-2-line-cloud-600x377.png 600w\" sizes=\"(max-width: 620px) 100vw, 620px\" \/>\t\t\t\t\t\t\t\t\t\t\t\t\t\t\t<\/div>\n\t\t\t\t<\/div>\n\t\t\t\t<div class=\"elementor-element elementor-element-c30b984 elementor-widget elementor-widget-text-editor\" data-id=\"c30b984\" data-element_type=\"widget\" data-widget_type=\"text-editor.default\">\n\t\t\t\t<div class=\"elementor-widget-container\">\n\t\t\t\t\t\t\t<p>Personal m\u00f3vil o en trabajo remoto.<\/p>\t\t\t\t\t\t<\/div>\n\t\t\t\t<\/div>\n\t\t\t\t<div class=\"elementor-element elementor-element-53a29be elementor-widget elementor-widget-image\" data-id=\"53a29be\" data-element_type=\"widget\" data-widget_type=\"image.default\">\n\t\t\t\t<div class=\"elementor-widget-container\">\n\t\t\t\t\t\t\t\t\t\t\t\t\t\t\t<img decoding=\"async\" width=\"620\" height=\"390\" src=\"https:\/\/www.competencia.com.ec\/corporativo\/wp-content\/uploads\/2022\/06\/img5-art-2-line-cloud.png\" class=\"attachment-large size-large\" alt=\"\" loading=\"lazy\" srcset=\"https:\/\/www.competencia.com.ec\/corporativo\/wp-content\/uploads\/2022\/06\/img5-art-2-line-cloud.png 620w, https:\/\/www.competencia.com.ec\/corporativo\/wp-content\/uploads\/2022\/06\/img5-art-2-line-cloud-596x375.png 596w, https:\/\/www.competencia.com.ec\/corporativo\/wp-content\/uploads\/2022\/06\/img5-art-2-line-cloud-600x377.png 600w\" sizes=\"(max-width: 620px) 100vw, 620px\" \/>\t\t\t\t\t\t\t\t\t\t\t\t\t\t\t<\/div>\n\t\t\t\t<\/div>\n\t\t\t\t<div class=\"elementor-element elementor-element-98611de elementor-widget elementor-widget-text-editor\" data-id=\"98611de\" data-element_type=\"widget\" data-widget_type=\"text-editor.default\">\n\t\t\t\t<div class=\"elementor-widget-container\">\n\t\t\t\t\t\t\t<p>Ya resuelto este tema de control de horario, se debe planear c\u00f3mo vamos a manejar las ausencias o justificaciones de inasistencia. Debe ser indispensable que el software pueda manejar autom\u00e1ticamente estas tareas y tambi\u00e9n que los trabajadores tengan acceso a la herramienta. Se deber\u00e1 guardar las ausencias y justificaciones de inasistencia para tener una constancia.<\/p><p>Otra caracter\u00edstica que debemos tomar en cuenta en el software es la escalabilidad, por ello hay que saber si se van a controlar las vacaciones con el software.<\/p>\t\t\t\t\t\t<\/div>\n\t\t\t\t<\/div>\n\t\t\t\t<div class=\"elementor-element elementor-element-c2b9be6 elementor-widget elementor-widget-image\" data-id=\"c2b9be6\" data-element_type=\"widget\" data-widget_type=\"image.default\">\n\t\t\t\t<div class=\"elementor-widget-container\">\n\t\t\t\t\t\t\t\t\t\t\t\t\t\t\t<img decoding=\"async\" width=\"620\" height=\"390\" src=\"https:\/\/www.competencia.com.ec\/corporativo\/wp-content\/uploads\/2022\/06\/img6-art-2-line-cloud.png\" class=\"attachment-large size-large\" alt=\"\" loading=\"lazy\" srcset=\"https:\/\/www.competencia.com.ec\/corporativo\/wp-content\/uploads\/2022\/06\/img6-art-2-line-cloud.png 620w, https:\/\/www.competencia.com.ec\/corporativo\/wp-content\/uploads\/2022\/06\/img6-art-2-line-cloud-596x375.png 596w, https:\/\/www.competencia.com.ec\/corporativo\/wp-content\/uploads\/2022\/06\/img6-art-2-line-cloud-600x377.png 600w\" sizes=\"(max-width: 620px) 100vw, 620px\" \/>\t\t\t\t\t\t\t\t\t\t\t\t\t\t\t<\/div>\n\t\t\t\t<\/div>\n\t\t\t\t<div class=\"elementor-element elementor-element-72522b9 elementor-widget elementor-widget-text-editor\" data-id=\"72522b9\" data-element_type=\"widget\" data-widget_type=\"text-editor.default\">\n\t\t\t\t<div class=\"elementor-widget-container\">\n\t\t\t\t\t\t\t<p>Algo muy importante es que esta herramienta ayude a su f\u00e1cil uso pues deber\u00e1 ser simple e intuitiva, ya que debemos tener en cuenta que los empleados que usen esto deber\u00e1n capacitarse y adecuarse de la mejor manera posible.<\/p><p>La robustez igualmente es una caracter\u00edstica importante que debe cumplir pues se considerar\u00e1 la magnitud de nuestra empresa para que soporte toda la informaci\u00f3n que se generar\u00e1.<\/p><p>\u00a0<\/p>\t\t\t\t\t\t<\/div>\n\t\t\t\t<\/div>\n\t\t\t\t<div class=\"elementor-element elementor-element-fd514a5 elementor-widget elementor-widget-image\" data-id=\"fd514a5\" data-element_type=\"widget\" data-widget_type=\"image.default\">\n\t\t\t\t<div class=\"elementor-widget-container\">\n\t\t\t\t\t\t\t\t\t\t\t\t\t\t\t<img decoding=\"async\" width=\"620\" height=\"390\" src=\"https:\/\/www.competencia.com.ec\/corporativo\/wp-content\/uploads\/2022\/06\/img7-art-2-line-cloud.png\" class=\"attachment-large size-large\" alt=\"\" loading=\"lazy\" srcset=\"https:\/\/www.competencia.com.ec\/corporativo\/wp-content\/uploads\/2022\/06\/img7-art-2-line-cloud.png 620w, https:\/\/www.competencia.com.ec\/corporativo\/wp-content\/uploads\/2022\/06\/img7-art-2-line-cloud-596x375.png 596w, https:\/\/www.competencia.com.ec\/corporativo\/wp-content\/uploads\/2022\/06\/img7-art-2-line-cloud-600x377.png 600w\" sizes=\"(max-width: 620px) 100vw, 620px\" \/>\t\t\t\t\t\t\t\t\t\t\t\t\t\t\t<\/div>\n\t\t\t\t<\/div>\n\t\t\t\t<div class=\"elementor-element elementor-element-641d06c elementor-widget elementor-widget-text-editor\" data-id=\"641d06c\" data-element_type=\"widget\" data-widget_type=\"text-editor.default\">\n\t\t\t\t<div class=\"elementor-widget-container\">\n\t\t\t\t\t\t\t<p>Por \u00faltimo, pero no menos importante, hay que considerar que los reportes que se hagan tienen que procesar los datos acordes a las necesidades de la compa\u00f1\u00eda como lo son:<\/p><ul><li>Datos estad\u00edsticos de marcaciones<\/li><li>Ausencias.<\/li><li>Permisos.<\/li><li>Transacciones de marcaci\u00f3n individual .<\/li><li>Exportaci\u00f3n de datos para uso en sistemas externos.<\/li><\/ul>\t\t\t\t\t\t<\/div>\n\t\t\t\t<\/div>\n\t\t\t\t<div class=\"elementor-element elementor-element-7e846d7 elementor-widget elementor-widget-image\" data-id=\"7e846d7\" data-element_type=\"widget\" data-widget_type=\"image.default\">\n\t\t\t\t<div class=\"elementor-widget-container\">\n\t\t\t\t\t\t\t\t\t\t\t\t\t\t\t<img decoding=\"async\" width=\"620\" height=\"390\" src=\"https:\/\/www.competencia.com.ec\/corporativo\/wp-content\/uploads\/2022\/06\/img8-art-2-line-cloud.png\" class=\"attachment-large size-large\" alt=\"\" loading=\"lazy\" srcset=\"https:\/\/www.competencia.com.ec\/corporativo\/wp-content\/uploads\/2022\/06\/img8-art-2-line-cloud.png 620w, https:\/\/www.competencia.com.ec\/corporativo\/wp-content\/uploads\/2022\/06\/img8-art-2-line-cloud-596x375.png 596w, https:\/\/www.competencia.com.ec\/corporativo\/wp-content\/uploads\/2022\/06\/img8-art-2-line-cloud-600x377.png 600w\" sizes=\"(max-width: 620px) 100vw, 620px\" \/>\t\t\t\t\t\t\t\t\t\t\t\t\t\t\t<\/div>\n\t\t\t\t<\/div>\n\t\t\t\t<div class=\"elementor-element elementor-element-1829fbf elementor-widget elementor-widget-heading\" data-id=\"1829fbf\" data-element_type=\"widget\" data-widget_type=\"heading.default\">\n\t\t\t\t<div class=\"elementor-widget-container\">\n\t\t\t<h4 class=\"elementor-heading-title elementor-size-default\">3. Tecnolog\u00eda empleada\n\n<\/h4>\t\t<\/div>\n\t\t\t\t<\/div>\n\t\t\t\t<div class=\"elementor-element elementor-element-1ccff5d elementor-widget elementor-widget-text-editor\" data-id=\"1ccff5d\" data-element_type=\"widget\" data-widget_type=\"text-editor.default\">\n\t\t\t\t<div class=\"elementor-widget-container\">\n\t\t\t\t\t\t\t<p>Ya definido todo respecto al software debemos tomar decisi\u00f3n acerca de la tecnolog\u00eda requerida para implementarlo.<\/p><p>Existen dos enfoques los cuales son:<\/p><ul><li>Instalarlo en las oficinas<\/li><li>Implementarlo en la nube.<\/li><\/ul><p>En lo que respecta a la instalaci\u00f3n en oficinas de la empresa hay que tener en cuenta primero si se tiene todos los recursos necesarios para que el software opere de manera eficaz. Por ello se tiene que obtener el hardware como: servidores, sistemas operativos, data center, alimentaci\u00f3n y respaldos. Hay que tener en cuenta lo que implica esto, pues son gastos de mantenimiento e instalaci\u00f3n.<\/p>\t\t\t\t\t\t<\/div>\n\t\t\t\t<\/div>\n\t\t\t\t<div class=\"elementor-element elementor-element-1302d46 elementor-widget elementor-widget-image\" data-id=\"1302d46\" data-element_type=\"widget\" data-widget_type=\"image.default\">\n\t\t\t\t<div class=\"elementor-widget-container\">\n\t\t\t\t\t\t\t\t\t\t\t\t\t\t\t<img decoding=\"async\" width=\"620\" height=\"390\" src=\"https:\/\/www.competencia.com.ec\/corporativo\/wp-content\/uploads\/2022\/06\/img9-art-2-line-cloud.png\" class=\"attachment-large size-large\" alt=\"\" loading=\"lazy\" srcset=\"https:\/\/www.competencia.com.ec\/corporativo\/wp-content\/uploads\/2022\/06\/img9-art-2-line-cloud.png 620w, https:\/\/www.competencia.com.ec\/corporativo\/wp-content\/uploads\/2022\/06\/img9-art-2-line-cloud-596x375.png 596w, https:\/\/www.competencia.com.ec\/corporativo\/wp-content\/uploads\/2022\/06\/img9-art-2-line-cloud-600x377.png 600w\" sizes=\"(max-width: 620px) 100vw, 620px\" \/>\t\t\t\t\t\t\t\t\t\t\t\t\t\t\t<\/div>\n\t\t\t\t<\/div>\n\t\t\t\t<div class=\"elementor-element elementor-element-76a57f6 elementor-widget elementor-widget-text-editor\" data-id=\"76a57f6\" data-element_type=\"widget\" data-widget_type=\"text-editor.default\">\n\t\t\t\t<div class=\"elementor-widget-container\">\n\t\t\t\t\t\t\t<p>Finalmente, la implementaci\u00f3n en la nube ahorrar\u00e1 a la empresa esta inversi\u00f3n antes mencionada, pues cambia de ser un gasto mensual a un gasto menor operativo.<\/p><p>En La Competencia S.A. estamos listos para ayudarlo, con la garant\u00eda, asesor\u00eda personalizada y asistencia t\u00e9cnica que nos caracteriza.<\/p>\t\t\t\t\t\t<\/div>\n\t\t\t\t<\/div>\n\t\t\t\t<div class=\"elementor-element elementor-element-5cd4526 elementor-widget elementor-widget-image\" data-id=\"5cd4526\" data-element_type=\"widget\" data-widget_type=\"image.default\">\n\t\t\t\t<div class=\"elementor-widget-container\">\n\t\t\t\t\t\t\t\t\t\t\t\t\t\t\t<img decoding=\"async\" width=\"620\" height=\"390\" src=\"https:\/\/www.competencia.com.ec\/corporativo\/wp-content\/uploads\/2022\/06\/img10-art-2-line-cloud.png\" class=\"attachment-large size-large\" alt=\"\" loading=\"lazy\" srcset=\"https:\/\/www.competencia.com.ec\/corporativo\/wp-content\/uploads\/2022\/06\/img10-art-2-line-cloud.png 620w, https:\/\/www.competencia.com.ec\/corporativo\/wp-content\/uploads\/2022\/06\/img10-art-2-line-cloud-596x375.png 596w, https:\/\/www.competencia.com.ec\/corporativo\/wp-content\/uploads\/2022\/06\/img10-art-2-line-cloud-600x377.png 600w\" sizes=\"(max-width: 620px) 100vw, 620px\" \/>\t\t\t\t\t\t\t\t\t\t\t\t\t\t\t<\/div>\n\t\t\t\t<\/div>\n\t\t\t\t<div class=\"elementor-element elementor-element-14615d3 elementor-align-center elementor-widget elementor-widget-button\" data-id=\"14615d3\" data-element_type=\"widget\" data-widget_type=\"button.default\">\n\t\t\t\t<div class=\"elementor-widget-container\">\n\t\t\t\t\t<div class=\"elementor-button-wrapper\">\n\t\t\t<a href=\"#elementor-action%3Aaction%3Dpopup%3Aopen%26settings%3DeyJpZCI6IjkyMSIsInRvZ2dsZSI6ZmFsc2V9\" class=\"elementor-button-link elementor-button elementor-size-lg\" role=\"button\">\n\t\t\t\t\t\t<span class=\"elementor-button-content-wrapper\">\n\t\t\t\t\t\t<span class=\"elementor-button-text\">Agende una cita con uno de nuestros asesor aqu\u00ed<\/span>\n\t\t<\/span>\n\t\t\t\t\t<\/a>\n\t\t<\/div>\n\t\t\t\t<\/div>\n\t\t\t\t<\/div>\n\t\t\t\t\t<\/div>\n\t\t<\/div>\n\t\t\t\t\t\t\t<\/div>\n\t\t<\/section>\n\t\t\t\t\t\t<\/div>\n\t\t\t\t\t<\/div>\n\t\t","protected":false},"excerpt":{"rendered":"<p>En nuestros d\u00edas para que una empresa compita y sea rentable viene ligado de acuerdo a c\u00f3mo la misma optimiza sus recursos, reduce costos, tiene la capacidad de automatizar los procesos, mejora en lo que respecta a su toma de decisiones y cuenta con un equipo eficiente y bien administrado. <\/p>\n","protected":false},"author":1,"featured_media":2136,"comment_status":"open","ping_status":"open","sticky":false,"template":"","format":"standard","meta":[],"categories":[17],"tags":[],"yoast_head":"<!-- This site is optimized with the Yoast SEO plugin v20.4 - https:\/\/yoast.com\/wordpress\/plugins\/seo\/ -->\n<title>C\u00d3MO ELEGIR EL SOFTWARE M\u00c1S ADECUADO DE CONTROL Y ADMINISTRACI\u00d3N DE PERSONAL? - La Competencia S.A<\/title>\n<meta name=\"robots\" content=\"index, follow, max-snippet:-1, max-image-preview:large, max-video-preview:-1\" \/>\n<link rel=\"canonical\" href=\"https:\/\/www.competencia.com.ec\/corporativo\/como-elegir-el-software-mas-adecuado-de-control-y-administracion-de-personal\/\" \/>\n<meta property=\"og:locale\" content=\"es_ES\" \/>\n<meta property=\"og:type\" content=\"article\" \/>\n<meta property=\"og:title\" content=\"C\u00d3MO ELEGIR EL SOFTWARE M\u00c1S ADECUADO DE CONTROL Y ADMINISTRACI\u00d3N DE PERSONAL? - La Competencia S.A\" \/>\n<meta property=\"og:description\" content=\"En nuestros d\u00edas para que una empresa compita y sea rentable viene ligado de acuerdo a c\u00f3mo la misma optimiza sus recursos, reduce costos, tiene la capacidad de automatizar los procesos, mejora en lo que respecta a su toma de decisiones y cuenta con un equipo eficiente y bien administrado.\" \/>\n<meta property=\"og:url\" content=\"https:\/\/www.competencia.com.ec\/corporativo\/como-elegir-el-software-mas-adecuado-de-control-y-administracion-de-personal\/\" \/>\n<meta property=\"og:site_name\" content=\"La Competencia S.A\" \/>\n<meta property=\"article:publisher\" content=\"https:\/\/www.facebook.com\/lacompetenciasa\/\" \/>\n<meta property=\"article:published_time\" content=\"2022-06-09T13:49:01+00:00\" \/>\n<meta property=\"article:modified_time\" content=\"2022-08-16T05:26:09+00:00\" \/>\n<meta property=\"og:image\" content=\"https:\/\/www.competencia.com.ec\/corporativo\/wp-content\/uploads\/2022\/06\/art-2-line-cloud_banner.jpg\" \/>\n\t<meta property=\"og:image:width\" content=\"1920\" \/>\n\t<meta property=\"og:image:height\" content=\"750\" \/>\n\t<meta property=\"og:image:type\" content=\"image\/jpeg\" \/>\n<meta name=\"author\" content=\"admin\" \/>\n<meta name=\"twitter:card\" content=\"summary_large_image\" \/>\n<meta name=\"twitter:label1\" content=\"Escrito por\" \/>\n\t<meta name=\"twitter:data1\" content=\"admin\" \/>\n\t<meta name=\"twitter:label2\" content=\"Tiempo de lectura\" \/>\n\t<meta name=\"twitter:data2\" content=\"5 minutos\" \/>\n<script type=\"application\/ld+json\" class=\"yoast-schema-graph\">{\"@context\":\"https:\/\/schema.org\",\"@graph\":[{\"@type\":\"Article\",\"@id\":\"https:\/\/www.competencia.com.ec\/corporativo\/como-elegir-el-software-mas-adecuado-de-control-y-administracion-de-personal\/#article\",\"isPartOf\":{\"@id\":\"https:\/\/www.competencia.com.ec\/corporativo\/como-elegir-el-software-mas-adecuado-de-control-y-administracion-de-personal\/\"},\"author\":{\"name\":\"admin\",\"@id\":\"https:\/\/www.competencia.com.ec\/corporativo\/#\/schema\/person\/e1433f47ae15c214ad0b77407f167624\"},\"headline\":\"C\u00d3MO ELEGIR EL SOFTWARE M\u00c1S ADECUADO DE CONTROL Y ADMINISTRACI\u00d3N DE PERSONAL?\",\"datePublished\":\"2022-06-09T13:49:01+00:00\",\"dateModified\":\"2022-08-16T05:26:09+00:00\",\"mainEntityOfPage\":{\"@id\":\"https:\/\/www.competencia.com.ec\/corporativo\/como-elegir-el-software-mas-adecuado-de-control-y-administracion-de-personal\/\"},\"wordCount\":707,\"commentCount\":0,\"publisher\":{\"@id\":\"https:\/\/www.competencia.com.ec\/corporativo\/#organization\"},\"articleSection\":[\"Tiempo, Asistencia, Gesti\u00f3n y Seguridad\"],\"inLanguage\":\"es\",\"potentialAction\":[{\"@type\":\"CommentAction\",\"name\":\"Comment\",\"target\":[\"https:\/\/www.competencia.com.ec\/corporativo\/como-elegir-el-software-mas-adecuado-de-control-y-administracion-de-personal\/#respond\"]}]},{\"@type\":\"WebPage\",\"@id\":\"https:\/\/www.competencia.com.ec\/corporativo\/como-elegir-el-software-mas-adecuado-de-control-y-administracion-de-personal\/\",\"url\":\"https:\/\/www.competencia.com.ec\/corporativo\/como-elegir-el-software-mas-adecuado-de-control-y-administracion-de-personal\/\",\"name\":\"C\u00d3MO ELEGIR EL SOFTWARE M\u00c1S ADECUADO DE CONTROL Y ADMINISTRACI\u00d3N DE PERSONAL? - La Competencia S.A\",\"isPartOf\":{\"@id\":\"https:\/\/www.competencia.com.ec\/corporativo\/#website\"},\"datePublished\":\"2022-06-09T13:49:01+00:00\",\"dateModified\":\"2022-08-16T05:26:09+00:00\",\"breadcrumb\":{\"@id\":\"https:\/\/www.competencia.com.ec\/corporativo\/como-elegir-el-software-mas-adecuado-de-control-y-administracion-de-personal\/#breadcrumb\"},\"inLanguage\":\"es\",\"potentialAction\":[{\"@type\":\"ReadAction\",\"target\":[\"https:\/\/www.competencia.com.ec\/corporativo\/como-elegir-el-software-mas-adecuado-de-control-y-administracion-de-personal\/\"]}]},{\"@type\":\"BreadcrumbList\",\"@id\":\"https:\/\/www.competencia.com.ec\/corporativo\/como-elegir-el-software-mas-adecuado-de-control-y-administracion-de-personal\/#breadcrumb\",\"itemListElement\":[{\"@type\":\"ListItem\",\"position\":1,\"name\":\"Portada\",\"item\":\"https:\/\/www.competencia.com.ec\/corporativo\/\"},{\"@type\":\"ListItem\",\"position\":2,\"name\":\"Tiempo, Asistencia, Gesti\u00f3n y Seguridad\",\"item\":\"https:\/\/www.competencia.com.ec\/corporativo\/category\/tags\/\"},{\"@type\":\"ListItem\",\"position\":3,\"name\":\"C\u00d3MO ELEGIR EL SOFTWARE M\u00c1S ADECUADO DE CONTROL Y ADMINISTRACI\u00d3N DE PERSONAL?\"}]},{\"@type\":\"WebSite\",\"@id\":\"https:\/\/www.competencia.com.ec\/corporativo\/#website\",\"url\":\"https:\/\/www.competencia.com.ec\/corporativo\/\",\"name\":\"La Competencia S.A\",\"description\":\"Otro sitio realizado con WordPress\",\"publisher\":{\"@id\":\"https:\/\/www.competencia.com.ec\/corporativo\/#organization\"},\"alternateName\":\"competencia.com.ec\",\"potentialAction\":[{\"@type\":\"SearchAction\",\"target\":{\"@type\":\"EntryPoint\",\"urlTemplate\":\"https:\/\/www.competencia.com.ec\/corporativo\/?s={search_term_string}\"},\"query-input\":\"required name=search_term_string\"}],\"inLanguage\":\"es\"},{\"@type\":\"Organization\",\"@id\":\"https:\/\/www.competencia.com.ec\/corporativo\/#organization\",\"name\":\"LA COMPETENCIA S.A.\",\"alternateName\":\"competencia.com.ec\",\"url\":\"https:\/\/www.competencia.com.ec\/corporativo\/\",\"logo\":{\"@type\":\"ImageObject\",\"inLanguage\":\"es\",\"@id\":\"https:\/\/www.competencia.com.ec\/corporativo\/#\/schema\/logo\/image\/\",\"url\":\"https:\/\/www.competencia.com.ec\/corporativo\/wp-content\/uploads\/2022\/03\/cropped-Logo-horizontal-230x35-1.png\",\"contentUrl\":\"https:\/\/www.competencia.com.ec\/corporativo\/wp-content\/uploads\/2022\/03\/cropped-Logo-horizontal-230x35-1.png\",\"width\":230,\"height\":35,\"caption\":\"LA COMPETENCIA S.A.\"},\"image\":{\"@id\":\"https:\/\/www.competencia.com.ec\/corporativo\/#\/schema\/logo\/image\/\"},\"sameAs\":[\"https:\/\/www.facebook.com\/lacompetenciasa\/\"]},{\"@type\":\"Person\",\"@id\":\"https:\/\/www.competencia.com.ec\/corporativo\/#\/schema\/person\/e1433f47ae15c214ad0b77407f167624\",\"name\":\"admin\",\"image\":{\"@type\":\"ImageObject\",\"inLanguage\":\"es\",\"@id\":\"https:\/\/www.competencia.com.ec\/corporativo\/#\/schema\/person\/image\/\",\"url\":\"https:\/\/secure.gravatar.com\/avatar\/ad516503a11cd5ca435acc9bb6523536?s=150&#038;d=mm&#038;r=gforcedefault=1\",\"contentUrl\":\"https:\/\/secure.gravatar.com\/avatar\/ad516503a11cd5ca435acc9bb6523536?s=150&#038;d=mm&#038;r=gforcedefault=1\",\"caption\":\"admin\"},\"sameAs\":[\"http:\/\/10.0.0.35\/compe_corp\"]}]}<\/script>\n<!-- \/ Yoast SEO plugin. -->","yoast_head_json":{"title":"C\u00d3MO ELEGIR EL SOFTWARE M\u00c1S ADECUADO DE CONTROL Y ADMINISTRACI\u00d3N DE PERSONAL? - La Competencia S.A","robots":{"index":"index","follow":"follow","max-snippet":"max-snippet:-1","max-image-preview":"max-image-preview:large","max-video-preview":"max-video-preview:-1"},"canonical":"https:\/\/www.competencia.com.ec\/corporativo\/como-elegir-el-software-mas-adecuado-de-control-y-administracion-de-personal\/","og_locale":"es_ES","og_type":"article","og_title":"C\u00d3MO ELEGIR EL SOFTWARE M\u00c1S ADECUADO DE CONTROL Y ADMINISTRACI\u00d3N DE PERSONAL? - La Competencia S.A","og_description":"En nuestros d\u00edas para que una empresa compita y sea rentable viene ligado de acuerdo a c\u00f3mo la misma optimiza sus recursos, reduce costos, tiene la capacidad de automatizar los procesos, mejora en lo que respecta a su toma de decisiones y cuenta con un equipo eficiente y bien administrado.","og_url":"https:\/\/www.competencia.com.ec\/corporativo\/como-elegir-el-software-mas-adecuado-de-control-y-administracion-de-personal\/","og_site_name":"La Competencia S.A","article_publisher":"https:\/\/www.facebook.com\/lacompetenciasa\/","article_published_time":"2022-06-09T13:49:01+00:00","article_modified_time":"2022-08-16T05:26:09+00:00","og_image":[{"width":1920,"height":750,"url":"https:\/\/www.competencia.com.ec\/corporativo\/wp-content\/uploads\/2022\/06\/art-2-line-cloud_banner.jpg","type":"image\/jpeg"}],"author":"admin","twitter_card":"summary_large_image","twitter_misc":{"Escrito por":"admin","Tiempo de lectura":"5 minutos"},"schema":{"@context":"https:\/\/schema.org","@graph":[{"@type":"Article","@id":"https:\/\/www.competencia.com.ec\/corporativo\/como-elegir-el-software-mas-adecuado-de-control-y-administracion-de-personal\/#article","isPartOf":{"@id":"https:\/\/www.competencia.com.ec\/corporativo\/como-elegir-el-software-mas-adecuado-de-control-y-administracion-de-personal\/"},"author":{"name":"admin","@id":"https:\/\/www.competencia.com.ec\/corporativo\/#\/schema\/person\/e1433f47ae15c214ad0b77407f167624"},"headline":"C\u00d3MO ELEGIR EL SOFTWARE M\u00c1S ADECUADO DE CONTROL Y ADMINISTRACI\u00d3N DE PERSONAL?","datePublished":"2022-06-09T13:49:01+00:00","dateModified":"2022-08-16T05:26:09+00:00","mainEntityOfPage":{"@id":"https:\/\/www.competencia.com.ec\/corporativo\/como-elegir-el-software-mas-adecuado-de-control-y-administracion-de-personal\/"},"wordCount":707,"commentCount":0,"publisher":{"@id":"https:\/\/www.competencia.com.ec\/corporativo\/#organization"},"articleSection":["Tiempo, Asistencia, Gesti\u00f3n y Seguridad"],"inLanguage":"es","potentialAction":[{"@type":"CommentAction","name":"Comment","target":["https:\/\/www.competencia.com.ec\/corporativo\/como-elegir-el-software-mas-adecuado-de-control-y-administracion-de-personal\/#respond"]}]},{"@type":"WebPage","@id":"https:\/\/www.competencia.com.ec\/corporativo\/como-elegir-el-software-mas-adecuado-de-control-y-administracion-de-personal\/","url":"https:\/\/www.competencia.com.ec\/corporativo\/como-elegir-el-software-mas-adecuado-de-control-y-administracion-de-personal\/","name":"C\u00d3MO ELEGIR EL SOFTWARE M\u00c1S ADECUADO DE CONTROL Y ADMINISTRACI\u00d3N DE PERSONAL? - La Competencia S.A","isPartOf":{"@id":"https:\/\/www.competencia.com.ec\/corporativo\/#website"},"datePublished":"2022-06-09T13:49:01+00:00","dateModified":"2022-08-16T05:26:09+00:00","breadcrumb":{"@id":"https:\/\/www.competencia.com.ec\/corporativo\/como-elegir-el-software-mas-adecuado-de-control-y-administracion-de-personal\/#breadcrumb"},"inLanguage":"es","potentialAction":[{"@type":"ReadAction","target":["https:\/\/www.competencia.com.ec\/corporativo\/como-elegir-el-software-mas-adecuado-de-control-y-administracion-de-personal\/"]}]},{"@type":"BreadcrumbList","@id":"https:\/\/www.competencia.com.ec\/corporativo\/como-elegir-el-software-mas-adecuado-de-control-y-administracion-de-personal\/#breadcrumb","itemListElement":[{"@type":"ListItem","position":1,"name":"Portada","item":"https:\/\/www.competencia.com.ec\/corporativo\/"},{"@type":"ListItem","position":2,"name":"Tiempo, Asistencia, Gesti\u00f3n y Seguridad","item":"https:\/\/www.competencia.com.ec\/corporativo\/category\/tags\/"},{"@type":"ListItem","position":3,"name":"C\u00d3MO ELEGIR EL SOFTWARE M\u00c1S ADECUADO DE CONTROL Y ADMINISTRACI\u00d3N DE PERSONAL?"}]},{"@type":"WebSite","@id":"https:\/\/www.competencia.com.ec\/corporativo\/#website","url":"https:\/\/www.competencia.com.ec\/corporativo\/","name":"La Competencia S.A","description":"Otro sitio realizado con WordPress","publisher":{"@id":"https:\/\/www.competencia.com.ec\/corporativo\/#organization"},"alternateName":"competencia.com.ec","potentialAction":[{"@type":"SearchAction","target":{"@type":"EntryPoint","urlTemplate":"https:\/\/www.competencia.com.ec\/corporativo\/?s={search_term_string}"},"query-input":"required name=search_term_string"}],"inLanguage":"es"},{"@type":"Organization","@id":"https:\/\/www.competencia.com.ec\/corporativo\/#organization","name":"LA COMPETENCIA S.A.","alternateName":"competencia.com.ec","url":"https:\/\/www.competencia.com.ec\/corporativo\/","logo":{"@type":"ImageObject","inLanguage":"es","@id":"https:\/\/www.competencia.com.ec\/corporativo\/#\/schema\/logo\/image\/","url":"https:\/\/www.competencia.com.ec\/corporativo\/wp-content\/uploads\/2022\/03\/cropped-Logo-horizontal-230x35-1.png","contentUrl":"https:\/\/www.competencia.com.ec\/corporativo\/wp-content\/uploads\/2022\/03\/cropped-Logo-horizontal-230x35-1.png","width":230,"height":35,"caption":"LA COMPETENCIA S.A."},"image":{"@id":"https:\/\/www.competencia.com.ec\/corporativo\/#\/schema\/logo\/image\/"},"sameAs":["https:\/\/www.facebook.com\/lacompetenciasa\/"]},{"@type":"Person","@id":"https:\/\/www.competencia.com.ec\/corporativo\/#\/schema\/person\/e1433f47ae15c214ad0b77407f167624","name":"admin","image":{"@type":"ImageObject","inLanguage":"es","@id":"https:\/\/www.competencia.com.ec\/corporativo\/#\/schema\/person\/image\/","url":"https:\/\/secure.gravatar.com\/avatar\/ad516503a11cd5ca435acc9bb6523536?s=150&#038;d=mm&#038;r=gforcedefault=1","contentUrl":"https:\/\/secure.gravatar.com\/avatar\/ad516503a11cd5ca435acc9bb6523536?s=150&#038;d=mm&#038;r=gforcedefault=1","caption":"admin"},"sameAs":["http:\/\/10.0.0.35\/compe_corp"]}]}},"_links":{"self":[{"href":"https:\/\/www.competencia.com.ec\/corporativo\/wp-json\/wp\/v2\/posts\/2135"}],"collection":[{"href":"https:\/\/www.competencia.com.ec\/corporativo\/wp-json\/wp\/v2\/posts"}],"about":[{"href":"https:\/\/www.competencia.com.ec\/corporativo\/wp-json\/wp\/v2\/types\/post"}],"author":[{"embeddable":true,"href":"https:\/\/www.competencia.com.ec\/corporativo\/wp-json\/wp\/v2\/users\/1"}],"replies":[{"embeddable":true,"href":"https:\/\/www.competencia.com.ec\/corporativo\/wp-json\/wp\/v2\/comments?post=2135"}],"version-history":[{"count":17,"href":"https:\/\/www.competencia.com.ec\/corporativo\/wp-json\/wp\/v2\/posts\/2135\/revisions"}],"predecessor-version":[{"id":5858,"href":"https:\/\/www.competencia.com.ec\/corporativo\/wp-json\/wp\/v2\/posts\/2135\/revisions\/5858"}],"wp:featuredmedia":[{"embeddable":true,"href":"https:\/\/www.competencia.com.ec\/corporativo\/wp-json\/wp\/v2\/media\/2136"}],"wp:attachment":[{"href":"https:\/\/www.competencia.com.ec\/corporativo\/wp-json\/wp\/v2\/media?parent=2135"}],"wp:term":[{"taxonomy":"category","embeddable":true,"href":"https:\/\/www.competencia.com.ec\/corporativo\/wp-json\/wp\/v2\/categories?post=2135"},{"taxonomy":"post_tag","embeddable":true,"href":"https:\/\/www.competencia.com.ec\/corporativo\/wp-json\/wp\/v2\/tags?post=2135"}],"curies":[{"name":"wp","href":"https:\/\/api.w.org\/{rel}","templated":true}]}}