{"id":2303,"date":"2022-06-09T19:59:34","date_gmt":"2022-06-09T19:59:34","guid":{"rendered":"http:\/\/181.39.81.124:9980\/compe_corp\/?p=2303"},"modified":"2022-08-10T16:45:42","modified_gmt":"2022-08-10T21:45:42","slug":"app-control-de-horario%ef%bf%bc","status":"publish","type":"post","link":"https:\/\/www.competencia.com.ec\/corporativo\/app-control-de-horario%ef%bf%bc\/","title":{"rendered":"APP CONTROL DE HORARIO"},"content":{"rendered":"\t\t<div data-elementor-type=\"wp-post\" data-elementor-id=\"2303\" class=\"elementor elementor-2303\" data-elementor-settings=\"[]\">\n\t\t\t\t\t\t\t<div class=\"elementor-section-wrap\">\n\t\t\t\t\t\t\t<section class=\"has_ae_slider elementor-section elementor-top-section elementor-element elementor-element-0293198 elementor-section-boxed elementor-section-height-default elementor-section-height-default wpr-particle-no wpr-jarallax-no wpr-parallax-no wpr-sticky-section-no ae-bg-gallery-type-default\" data-id=\"0293198\" data-element_type=\"section\">\n\t\t\t\t\t\t<div class=\"elementor-container elementor-column-gap-default\">\n\t\t\t\t\t<div class=\"has_ae_slider elementor-column elementor-col-100 elementor-top-column elementor-element elementor-element-a7655a2 ae-bg-gallery-type-default\" data-id=\"a7655a2\" data-element_type=\"column\">\n\t\t\t<div class=\"elementor-widget-wrap elementor-element-populated\">\n\t\t\t\t\t\t\t\t<div class=\"elementor-element elementor-element-0b88b49 elementor-widget elementor-widget-heading\" data-id=\"0b88b49\" data-element_type=\"widget\" data-widget_type=\"heading.default\">\n\t\t\t\t<div class=\"elementor-widget-container\">\n\t\t\t<style>\/*! elementor - v3.5.6 - 28-02-2022 *\/\n.elementor-heading-title{padding:0;margin:0;line-height:1}.elementor-widget-heading .elementor-heading-title[class*=elementor-size-]>a{color:inherit;font-size:inherit;line-height:inherit}.elementor-widget-heading .elementor-heading-title.elementor-size-small{font-size:15px}.elementor-widget-heading .elementor-heading-title.elementor-size-medium{font-size:19px}.elementor-widget-heading .elementor-heading-title.elementor-size-large{font-size:29px}.elementor-widget-heading .elementor-heading-title.elementor-size-xl{font-size:39px}.elementor-widget-heading .elementor-heading-title.elementor-size-xxl{font-size:59px}<\/style><h4 class=\"elementor-heading-title elementor-size-default\">\u00bfPor qu\u00e9 usarla en su empresa?\n\n\n<\/h4>\t\t<\/div>\n\t\t\t\t<\/div>\n\t\t\t\t<div class=\"elementor-element elementor-element-37a3282 elementor-widget elementor-widget-text-editor\" data-id=\"37a3282\" data-element_type=\"widget\" data-widget_type=\"text-editor.default\">\n\t\t\t\t<div class=\"elementor-widget-container\">\n\t\t\t<style>\/*! elementor - v3.5.6 - 28-02-2022 *\/\n.elementor-widget-text-editor.elementor-drop-cap-view-stacked .elementor-drop-cap{background-color:#818a91;color:#fff}.elementor-widget-text-editor.elementor-drop-cap-view-framed .elementor-drop-cap{color:#818a91;border:3px solid;background-color:transparent}.elementor-widget-text-editor:not(.elementor-drop-cap-view-default) .elementor-drop-cap{margin-top:8px}.elementor-widget-text-editor:not(.elementor-drop-cap-view-default) .elementor-drop-cap-letter{width:1em;height:1em}.elementor-widget-text-editor .elementor-drop-cap{float:left;text-align:center;line-height:1;font-size:50px}.elementor-widget-text-editor .elementor-drop-cap-letter{display:inline-block}<\/style>\t\t\t\t<p>Registrar las horas de trabajo y constatar que los colaboradores cumplen con los horarios previstos por la empresa no es una tarea sencilla. Esta tarea se vuelve m\u00e1s compleja cuando la empresa cuenta con varios tipos de jornada o cuenta con la opci\u00f3n de teletrabajo. Es en este contexto que una App de Control de Horario resulta a\u00fan m\u00e1s \u00fatil.<\/p>\t\t\t\t\t\t<\/div>\n\t\t\t\t<\/div>\n\t\t\t\t<div class=\"elementor-element elementor-element-3d63397 elementor-widget elementor-widget-image\" data-id=\"3d63397\" data-element_type=\"widget\" data-widget_type=\"image.default\">\n\t\t\t\t<div class=\"elementor-widget-container\">\n\t\t\t<style>\/*! elementor - v3.5.6 - 28-02-2022 *\/\n.elementor-widget-image{text-align:center}.elementor-widget-image a{display:inline-block}.elementor-widget-image a img[src$=\".svg\"]{width:48px}.elementor-widget-image img{vertical-align:middle;display:inline-block}<\/style>\t\t\t\t\t\t\t\t\t\t\t\t<img decoding=\"async\" width=\"620\" height=\"390\" src=\"https:\/\/www.competencia.com.ec\/corporativo\/wp-content\/uploads\/2022\/06\/img1-art-3-line-cloud.png\" class=\"attachment-large size-large\" alt=\"\" loading=\"lazy\" srcset=\"https:\/\/www.competencia.com.ec\/corporativo\/wp-content\/uploads\/2022\/06\/img1-art-3-line-cloud.png 620w, https:\/\/www.competencia.com.ec\/corporativo\/wp-content\/uploads\/2022\/06\/img1-art-3-line-cloud-596x375.png 596w, https:\/\/www.competencia.com.ec\/corporativo\/wp-content\/uploads\/2022\/06\/img1-art-3-line-cloud-600x377.png 600w\" sizes=\"(max-width: 620px) 100vw, 620px\" \/>\t\t\t\t\t\t\t\t\t\t\t\t\t\t\t<\/div>\n\t\t\t\t<\/div>\n\t\t\t\t<div class=\"elementor-element elementor-element-84b81b7 elementor-widget elementor-widget-heading\" data-id=\"84b81b7\" data-element_type=\"widget\" data-widget_type=\"heading.default\">\n\t\t\t\t<div class=\"elementor-widget-container\">\n\t\t\t<h4 class=\"elementor-heading-title elementor-size-default\">\u00bfPara qu\u00e9 sirve una app de control horario?\n\n\n<\/h4>\t\t<\/div>\n\t\t\t\t<\/div>\n\t\t\t\t<div class=\"elementor-element elementor-element-caae685 elementor-widget elementor-widget-text-editor\" data-id=\"caae685\" data-element_type=\"widget\" data-widget_type=\"text-editor.default\">\n\t\t\t\t<div class=\"elementor-widget-container\">\n\t\t\t\t\t\t\t<p>Entendemos como control de horario a todas esas medidas que una empresa adopta con el fin de supervisar y garantizar el cumplimiento de las jornadas laborales, al tiempo que se elabora un registro efectivo de esas horas trabajadas y es una de las \u00e1reas m\u00e1s sensibles de cualquier organizaci\u00f3n pues tiene un impacto directo en el d\u00eda a d\u00eda de las empresas.<\/p><p>Las compa\u00f1\u00edas cuentan con un sinn\u00famero de t\u00e9cnicas para asegurarse de este cumplimiento, incluyendo la observaci\u00f3n directa de las plantillas. Sin embargo, esta alternativa no siempre es viable, bien porque no resulta eficiente o porque no es f\u00edsicamente posible. Es en este momento en el que las empresas deben apoyarse en las soluciones tecnol\u00f3gicas dise\u00f1adas para esta tarea.<\/p><p>\u00a0<\/p>\t\t\t\t\t\t<\/div>\n\t\t\t\t<\/div>\n\t\t\t\t<div class=\"elementor-element elementor-element-1c52784 elementor-widget elementor-widget-image\" data-id=\"1c52784\" data-element_type=\"widget\" data-widget_type=\"image.default\">\n\t\t\t\t<div class=\"elementor-widget-container\">\n\t\t\t\t\t\t\t\t\t\t\t\t\t\t\t<img decoding=\"async\" width=\"620\" height=\"390\" src=\"https:\/\/www.competencia.com.ec\/corporativo\/wp-content\/uploads\/2022\/06\/img2-art-3-line-cloud.png\" class=\"attachment-large size-large\" alt=\"\" loading=\"lazy\" srcset=\"https:\/\/www.competencia.com.ec\/corporativo\/wp-content\/uploads\/2022\/06\/img2-art-3-line-cloud.png 620w, https:\/\/www.competencia.com.ec\/corporativo\/wp-content\/uploads\/2022\/06\/img2-art-3-line-cloud-596x375.png 596w, https:\/\/www.competencia.com.ec\/corporativo\/wp-content\/uploads\/2022\/06\/img2-art-3-line-cloud-600x377.png 600w\" sizes=\"(max-width: 620px) 100vw, 620px\" \/>\t\t\t\t\t\t\t\t\t\t\t\t\t\t\t<\/div>\n\t\t\t\t<\/div>\n\t\t\t\t<div class=\"elementor-element elementor-element-8b07ba5 elementor-widget elementor-widget-text-editor\" data-id=\"8b07ba5\" data-element_type=\"widget\" data-widget_type=\"text-editor.default\">\n\t\t\t\t<div class=\"elementor-widget-container\">\n\t\t\t\t\t\t\t<p>Las nuevas tecnolog\u00edas permiten registrar las jornadas laborales que se desarrollan de forma remota y evitan que la informaci\u00f3n se disperse por doquier. Paralelamente, se evita una gesti\u00f3n ineficiente de tiempo que perjudique tanto al colaborador como a la compa\u00f1\u00eda.<\/p><p>Pero la App de Control de Horario no sirve \u00fanicamente para registrar el inicio o fin de una jornada laboral. Una de estas aplicaciones puede integrarse con otras herramientas para aportar funcionalidades como:<\/p><ul><li><strong>Control de acceso de personal:<\/strong> aunque existen recursos espec\u00edficos para cubrir esta necesidad, la App de Control Horario puede complementarse con todos ellos para que las tareas de control de acceso y registro de la jornada se desarrollen de manera m\u00e1s eficiente.<\/li><\/ul>\t\t\t\t\t\t<\/div>\n\t\t\t\t<\/div>\n\t\t\t\t<div class=\"elementor-element elementor-element-094ab1f elementor-widget elementor-widget-image\" data-id=\"094ab1f\" data-element_type=\"widget\" data-widget_type=\"image.default\">\n\t\t\t\t<div class=\"elementor-widget-container\">\n\t\t\t\t\t\t\t\t\t\t\t\t\t\t\t<img decoding=\"async\" width=\"620\" height=\"390\" src=\"https:\/\/www.competencia.com.ec\/corporativo\/wp-content\/uploads\/2022\/06\/img3-art-3-line-cloud.png\" class=\"attachment-large size-large\" alt=\"\" loading=\"lazy\" srcset=\"https:\/\/www.competencia.com.ec\/corporativo\/wp-content\/uploads\/2022\/06\/img3-art-3-line-cloud.png 620w, https:\/\/www.competencia.com.ec\/corporativo\/wp-content\/uploads\/2022\/06\/img3-art-3-line-cloud-596x375.png 596w, https:\/\/www.competencia.com.ec\/corporativo\/wp-content\/uploads\/2022\/06\/img3-art-3-line-cloud-600x377.png 600w\" sizes=\"(max-width: 620px) 100vw, 620px\" \/>\t\t\t\t\t\t\t\t\t\t\t\t\t\t\t<\/div>\n\t\t\t\t<\/div>\n\t\t\t\t<div class=\"elementor-element elementor-element-290aac9 elementor-widget elementor-widget-text-editor\" data-id=\"290aac9\" data-element_type=\"widget\" data-widget_type=\"text-editor.default\">\n\t\t\t\t<div class=\"elementor-widget-container\">\n\t\t\t\t\t\t\t<ul><li><strong>Control de horarios en equipos de trabajo<\/strong>: la aplicaci\u00f3n para controlar tiempo de trabajo puede encargarse de la gesti\u00f3n de equipos de trabajo, evitando comportamientos poco \u00e9ticos o incompatibilidades horarias.<\/li><\/ul>\t\t\t\t\t\t<\/div>\n\t\t\t\t<\/div>\n\t\t\t\t<div class=\"elementor-element elementor-element-d75e960 elementor-widget elementor-widget-image\" data-id=\"d75e960\" data-element_type=\"widget\" data-widget_type=\"image.default\">\n\t\t\t\t<div class=\"elementor-widget-container\">\n\t\t\t\t\t\t\t\t\t\t\t\t\t\t\t<img decoding=\"async\" width=\"620\" height=\"390\" src=\"https:\/\/www.competencia.com.ec\/corporativo\/wp-content\/uploads\/2022\/06\/img4-art-3-line-cloud.png\" class=\"attachment-large size-large\" alt=\"\" loading=\"lazy\" srcset=\"https:\/\/www.competencia.com.ec\/corporativo\/wp-content\/uploads\/2022\/06\/img4-art-3-line-cloud.png 620w, https:\/\/www.competencia.com.ec\/corporativo\/wp-content\/uploads\/2022\/06\/img4-art-3-line-cloud-596x375.png 596w, https:\/\/www.competencia.com.ec\/corporativo\/wp-content\/uploads\/2022\/06\/img4-art-3-line-cloud-600x377.png 600w\" sizes=\"(max-width: 620px) 100vw, 620px\" \/>\t\t\t\t\t\t\t\t\t\t\t\t\t\t\t<\/div>\n\t\t\t\t<\/div>\n\t\t\t\t<div class=\"elementor-element elementor-element-7e0de59 elementor-widget elementor-widget-text-editor\" data-id=\"7e0de59\" data-element_type=\"widget\" data-widget_type=\"text-editor.default\">\n\t\t\t\t<div class=\"elementor-widget-container\">\n\t\t\t\t\t\t\t<ul><li><strong>Gesti\u00f3n de horas extra:<\/strong> una aplicaci\u00f3n para horarios de trabajo sirve igualmente para la gesti\u00f3n de las horas extra, que muchas veces cuentan con una remuneraci\u00f3n especial y que precisan de un registro espec\u00edfico.<\/li><\/ul>\t\t\t\t\t\t<\/div>\n\t\t\t\t<\/div>\n\t\t\t\t<div class=\"elementor-element elementor-element-fba05d4 elementor-widget elementor-widget-image\" data-id=\"fba05d4\" data-element_type=\"widget\" data-widget_type=\"image.default\">\n\t\t\t\t<div class=\"elementor-widget-container\">\n\t\t\t\t\t\t\t\t\t\t\t\t\t\t\t<img decoding=\"async\" width=\"620\" height=\"390\" src=\"https:\/\/www.competencia.com.ec\/corporativo\/wp-content\/uploads\/2022\/06\/img5-art-3-line-cloud.png\" class=\"attachment-large size-large\" alt=\"\" loading=\"lazy\" srcset=\"https:\/\/www.competencia.com.ec\/corporativo\/wp-content\/uploads\/2022\/06\/img5-art-3-line-cloud.png 620w, https:\/\/www.competencia.com.ec\/corporativo\/wp-content\/uploads\/2022\/06\/img5-art-3-line-cloud-596x375.png 596w, https:\/\/www.competencia.com.ec\/corporativo\/wp-content\/uploads\/2022\/06\/img5-art-3-line-cloud-600x377.png 600w\" sizes=\"(max-width: 620px) 100vw, 620px\" \/>\t\t\t\t\t\t\t\t\t\t\t\t\t\t\t<\/div>\n\t\t\t\t<\/div>\n\t\t\t\t<div class=\"elementor-element elementor-element-67418c8 elementor-widget elementor-widget-text-editor\" data-id=\"67418c8\" data-element_type=\"widget\" data-widget_type=\"text-editor.default\">\n\t\t\t\t<div class=\"elementor-widget-container\">\n\t\t\t\t\t\t\t<ul><li><strong>Control de acceso en remoto:<\/strong> como parte de la flexibilidad horaria o de\u202fconciliaci\u00f3n laboral y familiar, la empresa necesita registrar las horas exactas en las que sus empleados se conectan a los sistemas de la compa\u00f1\u00eda.<\/li><\/ul>\t\t\t\t\t\t<\/div>\n\t\t\t\t<\/div>\n\t\t\t\t<div class=\"elementor-element elementor-element-9885c2a elementor-widget elementor-widget-image\" data-id=\"9885c2a\" data-element_type=\"widget\" data-widget_type=\"image.default\">\n\t\t\t\t<div class=\"elementor-widget-container\">\n\t\t\t\t\t\t\t\t\t\t\t\t\t\t\t<img decoding=\"async\" width=\"620\" height=\"390\" src=\"https:\/\/www.competencia.com.ec\/corporativo\/wp-content\/uploads\/2022\/06\/img6-art-3-line-cloud-1.png\" class=\"attachment-large size-large\" alt=\"\" loading=\"lazy\" srcset=\"https:\/\/www.competencia.com.ec\/corporativo\/wp-content\/uploads\/2022\/06\/img6-art-3-line-cloud-1.png 620w, https:\/\/www.competencia.com.ec\/corporativo\/wp-content\/uploads\/2022\/06\/img6-art-3-line-cloud-1-596x375.png 596w, https:\/\/www.competencia.com.ec\/corporativo\/wp-content\/uploads\/2022\/06\/img6-art-3-line-cloud-1-600x377.png 600w\" sizes=\"(max-width: 620px) 100vw, 620px\" \/>\t\t\t\t\t\t\t\t\t\t\t\t\t\t\t<\/div>\n\t\t\t\t<\/div>\n\t\t\t\t<div class=\"elementor-element elementor-element-ca8228d elementor-widget elementor-widget-text-editor\" data-id=\"ca8228d\" data-element_type=\"widget\" data-widget_type=\"text-editor.default\">\n\t\t\t\t<div class=\"elementor-widget-container\">\n\t\t\t\t\t\t\t<p>Pero adem\u00e1s de estas integraciones tambi\u00e9n puede convertirse en un portal de comunicaci\u00f3n e informaci\u00f3n que permita al empleado:<\/p><ul><li>Consulta sus marcaciones, horas trabajadas, horas extras autorizadas, vacaciones disponibles, entre otros datos.<\/li><li>Solicita autorizaciones de sus permisos para ausencias, justificaciones, vacaciones.<\/li><li>Consulta de sus turnos y horarios de trabajo.<\/li><\/ul>\t\t\t\t\t\t<\/div>\n\t\t\t\t<\/div>\n\t\t\t\t<div class=\"elementor-element elementor-element-e133c4c elementor-widget elementor-widget-image\" data-id=\"e133c4c\" data-element_type=\"widget\" data-widget_type=\"image.default\">\n\t\t\t\t<div class=\"elementor-widget-container\">\n\t\t\t\t\t\t\t\t\t\t\t\t\t\t\t<img decoding=\"async\" width=\"620\" height=\"390\" src=\"https:\/\/www.competencia.com.ec\/corporativo\/wp-content\/uploads\/2022\/06\/img7-art-3-line-cloud.png\" class=\"attachment-large size-large\" alt=\"\" loading=\"lazy\" srcset=\"https:\/\/www.competencia.com.ec\/corporativo\/wp-content\/uploads\/2022\/06\/img7-art-3-line-cloud.png 620w, https:\/\/www.competencia.com.ec\/corporativo\/wp-content\/uploads\/2022\/06\/img7-art-3-line-cloud-596x375.png 596w, https:\/\/www.competencia.com.ec\/corporativo\/wp-content\/uploads\/2022\/06\/img7-art-3-line-cloud-600x377.png 600w\" sizes=\"(max-width: 620px) 100vw, 620px\" \/>\t\t\t\t\t\t\t\t\t\t\t\t\t\t\t<\/div>\n\t\t\t\t<\/div>\n\t\t\t\t<div class=\"elementor-element elementor-element-dfde739 elementor-widget elementor-widget-heading\" data-id=\"dfde739\" data-element_type=\"widget\" data-widget_type=\"heading.default\">\n\t\t\t\t<div class=\"elementor-widget-container\">\n\t\t\t<h4 class=\"elementor-heading-title elementor-size-default\">Por qu\u00e9 es cada vez m\u00e1s importante contar con una app de control horario?\n<\/h4>\t\t<\/div>\n\t\t\t\t<\/div>\n\t\t\t\t<div class=\"elementor-element elementor-element-c175db2 elementor-widget elementor-widget-text-editor\" data-id=\"c175db2\" data-element_type=\"widget\" data-widget_type=\"text-editor.default\">\n\t\t\t\t<div class=\"elementor-widget-container\">\n\t\t\t\t\t\t\t<p>Como hemos mencionado, las nuevas realidades laborales pasan por una creciente personalizaci\u00f3n de los horarios de trabajo. Ello plantea un verdadero desaf\u00edo log\u00edstico para los responsables de RR. HH., que pueden encontrar una gran aliada en la App de Control Horario.<\/p><p>Diferentes estudios constatan que el teletrabajo no tiene por qu\u00e9 implicar una disminuci\u00f3n de la productividad de los empleados siempre y cuando se disponga de los sistemas de control necesarios. Ello no presupone falta de profesionalidad en el trabajador, por el contrario, la idea es que este no pierda el contacto con la empresa y pueda organizar mucho mejor sus tareas.<\/p><p>\u00a0<\/p>\t\t\t\t\t\t<\/div>\n\t\t\t\t<\/div>\n\t\t\t\t<div class=\"elementor-element elementor-element-33bed9f elementor-widget elementor-widget-image\" data-id=\"33bed9f\" data-element_type=\"widget\" data-widget_type=\"image.default\">\n\t\t\t\t<div class=\"elementor-widget-container\">\n\t\t\t\t\t\t\t\t\t\t\t\t\t\t\t<img decoding=\"async\" width=\"620\" height=\"390\" src=\"https:\/\/www.competencia.com.ec\/corporativo\/wp-content\/uploads\/2022\/06\/img8-art-3-line-cloud.png\" class=\"attachment-large size-large\" alt=\"\" loading=\"lazy\" srcset=\"https:\/\/www.competencia.com.ec\/corporativo\/wp-content\/uploads\/2022\/06\/img8-art-3-line-cloud.png 620w, https:\/\/www.competencia.com.ec\/corporativo\/wp-content\/uploads\/2022\/06\/img8-art-3-line-cloud-596x375.png 596w, https:\/\/www.competencia.com.ec\/corporativo\/wp-content\/uploads\/2022\/06\/img8-art-3-line-cloud-600x377.png 600w\" sizes=\"(max-width: 620px) 100vw, 620px\" \/>\t\t\t\t\t\t\t\t\t\t\t\t\t\t\t<\/div>\n\t\t\t\t<\/div>\n\t\t\t\t<div class=\"elementor-element elementor-element-86880dc elementor-widget elementor-widget-text-editor\" data-id=\"86880dc\" data-element_type=\"widget\" data-widget_type=\"text-editor.default\">\n\t\t\t\t<div class=\"elementor-widget-container\">\n\t\t\t\t\t\t\t<p>Conciliaci\u00f3n laboral, flexibilidad horaria, teletrabajo, personal desplazado\u2026 todos son conceptos relacionados con una fuerte tendencia en la forma de trabajar, en la que se persigue la m\u00e1xima efectividad, pero siempre asociada al bienestar laboral.<\/p>\t\t\t\t\t\t<\/div>\n\t\t\t\t<\/div>\n\t\t\t\t<div class=\"elementor-element elementor-element-e17de4c elementor-widget elementor-widget-heading\" data-id=\"e17de4c\" data-element_type=\"widget\" data-widget_type=\"heading.default\">\n\t\t\t\t<div class=\"elementor-widget-container\">\n\t\t\t<h4 class=\"elementor-heading-title elementor-size-default\">\u00bfC\u00f3mo gestionar los horarios del personal que no se encuentra en el centro de trabajo?\n\n<\/h4>\t\t<\/div>\n\t\t\t\t<\/div>\n\t\t\t\t<div class=\"elementor-element elementor-element-267cc85 elementor-widget elementor-widget-text-editor\" data-id=\"267cc85\" data-element_type=\"widget\" data-widget_type=\"text-editor.default\">\n\t\t\t\t<div class=\"elementor-widget-container\">\n\t\t\t\t\t\t\t<p>La innovaci\u00f3n tecnol\u00f3gica permite que este no sea un problema, gracias a las Aplicaciones de Control de Horario pues son una herramienta para timbrar desde cualquier dispositivo ya sea que se encuentre desplazado en territorio o que se encuentre en teletrabajo.<\/p><p>\u00a0<\/p>\t\t\t\t\t\t<\/div>\n\t\t\t\t<\/div>\n\t\t\t\t<div class=\"elementor-element elementor-element-44f7275 elementor-widget elementor-widget-image\" data-id=\"44f7275\" data-element_type=\"widget\" data-widget_type=\"image.default\">\n\t\t\t\t<div class=\"elementor-widget-container\">\n\t\t\t\t\t\t\t\t\t\t\t\t\t\t\t<img decoding=\"async\" width=\"620\" height=\"390\" src=\"https:\/\/www.competencia.com.ec\/corporativo\/wp-content\/uploads\/2022\/06\/img9-art-3-line-cloud.png\" class=\"attachment-large size-large\" alt=\"\" loading=\"lazy\" srcset=\"https:\/\/www.competencia.com.ec\/corporativo\/wp-content\/uploads\/2022\/06\/img9-art-3-line-cloud.png 620w, https:\/\/www.competencia.com.ec\/corporativo\/wp-content\/uploads\/2022\/06\/img9-art-3-line-cloud-596x375.png 596w, https:\/\/www.competencia.com.ec\/corporativo\/wp-content\/uploads\/2022\/06\/img9-art-3-line-cloud-600x377.png 600w\" sizes=\"(max-width: 620px) 100vw, 620px\" \/>\t\t\t\t\t\t\t\t\t\t\t\t\t\t\t<\/div>\n\t\t\t\t<\/div>\n\t\t\t\t<div class=\"elementor-element elementor-element-3f3a9e7 elementor-widget elementor-widget-heading\" data-id=\"3f3a9e7\" data-element_type=\"widget\" data-widget_type=\"heading.default\">\n\t\t\t\t<div class=\"elementor-widget-container\">\n\t\t\t<h4 class=\"elementor-heading-title elementor-size-default\">\u00bfPara qu\u00e9 sirve una app de control horario?\n\n\n<\/h4>\t\t<\/div>\n\t\t\t\t<\/div>\n\t\t\t\t<div class=\"elementor-element elementor-element-5e34f52 elementor-widget elementor-widget-text-editor\" data-id=\"5e34f52\" data-element_type=\"widget\" data-widget_type=\"text-editor.default\">\n\t\t\t\t<div class=\"elementor-widget-container\">\n\t\t\t\t\t\t\t<ul><li>El trabajador puede indicar cu\u00e1ndo y d\u00f3nde comienza y finaliza su actividad laboral.<\/li><\/ul>\t\t\t\t\t\t<\/div>\n\t\t\t\t<\/div>\n\t\t\t\t<div class=\"elementor-element elementor-element-346b956 elementor-widget elementor-widget-image\" data-id=\"346b956\" data-element_type=\"widget\" data-widget_type=\"image.default\">\n\t\t\t\t<div class=\"elementor-widget-container\">\n\t\t\t\t\t\t\t\t\t\t\t\t\t\t\t<img decoding=\"async\" width=\"620\" height=\"390\" src=\"https:\/\/www.competencia.com.ec\/corporativo\/wp-content\/uploads\/2022\/06\/img10-art-3-line-cloud.png\" class=\"attachment-large size-large\" alt=\"\" loading=\"lazy\" srcset=\"https:\/\/www.competencia.com.ec\/corporativo\/wp-content\/uploads\/2022\/06\/img10-art-3-line-cloud.png 620w, https:\/\/www.competencia.com.ec\/corporativo\/wp-content\/uploads\/2022\/06\/img10-art-3-line-cloud-596x375.png 596w, https:\/\/www.competencia.com.ec\/corporativo\/wp-content\/uploads\/2022\/06\/img10-art-3-line-cloud-600x377.png 600w\" sizes=\"(max-width: 620px) 100vw, 620px\" \/>\t\t\t\t\t\t\t\t\t\t\t\t\t\t\t<\/div>\n\t\t\t\t<\/div>\n\t\t\t\t<div class=\"elementor-element elementor-element-22f8701 elementor-widget elementor-widget-text-editor\" data-id=\"22f8701\" data-element_type=\"widget\" data-widget_type=\"text-editor.default\">\n\t\t\t\t<div class=\"elementor-widget-container\">\n\t\t\t\t\t\t\t<ul><li>Todos los timbradas se realizan con localizaci\u00f3n, ya sea aproximada (basada en red) o precisa (basada en red y en GPS).<\/li><\/ul>\t\t\t\t\t\t<\/div>\n\t\t\t\t<\/div>\n\t\t\t\t<div class=\"elementor-element elementor-element-9fa6bb6 elementor-widget elementor-widget-image\" data-id=\"9fa6bb6\" data-element_type=\"widget\" data-widget_type=\"image.default\">\n\t\t\t\t<div class=\"elementor-widget-container\">\n\t\t\t\t\t\t\t\t\t\t\t\t\t\t\t<img decoding=\"async\" width=\"620\" height=\"390\" src=\"https:\/\/www.competencia.com.ec\/corporativo\/wp-content\/uploads\/2022\/06\/img11-art-3-line-cloud.png\" class=\"attachment-large size-large\" alt=\"\" loading=\"lazy\" srcset=\"https:\/\/www.competencia.com.ec\/corporativo\/wp-content\/uploads\/2022\/06\/img11-art-3-line-cloud.png 620w, https:\/\/www.competencia.com.ec\/corporativo\/wp-content\/uploads\/2022\/06\/img11-art-3-line-cloud-596x375.png 596w, https:\/\/www.competencia.com.ec\/corporativo\/wp-content\/uploads\/2022\/06\/img11-art-3-line-cloud-600x377.png 600w\" sizes=\"(max-width: 620px) 100vw, 620px\" \/>\t\t\t\t\t\t\t\t\t\t\t\t\t\t\t<\/div>\n\t\t\t\t<\/div>\n\t\t\t\t<div class=\"elementor-element elementor-element-d784a69 elementor-widget elementor-widget-text-editor\" data-id=\"d784a69\" data-element_type=\"widget\" data-widget_type=\"text-editor.default\">\n\t\t\t\t<div class=\"elementor-widget-container\">\n\t\t\t\t\t\t\t<ul><li>Permite registrar eventos espec\u00edficos como visitas al m\u00e9dico, indisposici\u00f3n, aver\u00eda en el transporte (solicitud de permisos).<\/li><\/ul>\t\t\t\t\t\t<\/div>\n\t\t\t\t<\/div>\n\t\t\t\t<div class=\"elementor-element elementor-element-9c45466 elementor-widget elementor-widget-image\" data-id=\"9c45466\" data-element_type=\"widget\" data-widget_type=\"image.default\">\n\t\t\t\t<div class=\"elementor-widget-container\">\n\t\t\t\t\t\t\t\t\t\t\t\t\t\t\t<img decoding=\"async\" width=\"620\" height=\"390\" src=\"https:\/\/www.competencia.com.ec\/corporativo\/wp-content\/uploads\/2022\/06\/img12-art-3-line-cloud.png\" class=\"attachment-large size-large\" alt=\"\" loading=\"lazy\" srcset=\"https:\/\/www.competencia.com.ec\/corporativo\/wp-content\/uploads\/2022\/06\/img12-art-3-line-cloud.png 620w, https:\/\/www.competencia.com.ec\/corporativo\/wp-content\/uploads\/2022\/06\/img12-art-3-line-cloud-596x375.png 596w, https:\/\/www.competencia.com.ec\/corporativo\/wp-content\/uploads\/2022\/06\/img12-art-3-line-cloud-600x377.png 600w\" sizes=\"(max-width: 620px) 100vw, 620px\" \/>\t\t\t\t\t\t\t\t\t\t\t\t\t\t\t<\/div>\n\t\t\t\t<\/div>\n\t\t\t\t<div class=\"elementor-element elementor-element-fd12cfe elementor-widget elementor-widget-text-editor\" data-id=\"fd12cfe\" data-element_type=\"widget\" data-widget_type=\"text-editor.default\">\n\t\t\t\t<div class=\"elementor-widget-container\">\n\t\t\t\t\t\t\t<p>Una vez revisadas todas las ventajas, es hora de animarse a dar el siguiente paso por el bien de su empresa. En La Competencia S.A. estamos listos para ayudarlo, con la garant\u00eda, asesor\u00eda personalizada y asistencia t\u00e9cnica que nos caracteriza.<\/p>\t\t\t\t\t\t<\/div>\n\t\t\t\t<\/div>\n\t\t\t\t<div class=\"elementor-element elementor-element-baedbaf elementor-widget elementor-widget-image\" data-id=\"baedbaf\" data-element_type=\"widget\" data-widget_type=\"image.default\">\n\t\t\t\t<div class=\"elementor-widget-container\">\n\t\t\t\t\t\t\t\t\t\t\t\t\t\t\t\t<a href=\"#elementor-action%3Aaction%3Dpopup%3Aopen%26settings%3DeyJpZCI6IjkyMSIsInRvZ2dsZSI6ZmFsc2V9\">\n\t\t\t\t\t\t\t<img decoding=\"async\" width=\"578\" height=\"190\" src=\"https:\/\/www.competencia.com.ec\/corporativo\/wp-content\/uploads\/2022\/06\/btn-art-3-line-cloud.png\" class=\"attachment-large size-large\" alt=\"\" loading=\"lazy\" \/>\t\t\t\t\t\t\t\t<\/a>\n\t\t\t\t\t\t\t\t\t\t\t\t\t\t\t<\/div>\n\t\t\t\t<\/div>\n\t\t\t\t\t<\/div>\n\t\t<\/div>\n\t\t\t\t\t\t\t<\/div>\n\t\t<\/section>\n\t\t\t\t\t\t<\/div>\n\t\t\t\t\t<\/div>\n\t\t","protected":false},"excerpt":{"rendered":"<p>Registrar las horas de trabajo y constatar que los colaboradores cumplen con los horarios previstos por la empresa no es una tarea sencilla. Esta tarea se vuelve m\u00e1s compleja cuando la empresa cuenta con varios tipos de jornada o cuenta con la opci\u00f3n de teletrabajo. Es en este contexto..<\/p>\n","protected":false},"author":1,"featured_media":2304,"comment_status":"open","ping_status":"open","sticky":false,"template":"","format":"standard","meta":[],"categories":[17],"tags":[],"yoast_head":"<!-- This site is optimized with the Yoast SEO plugin v20.4 - https:\/\/yoast.com\/wordpress\/plugins\/seo\/ -->\n<title>APP CONTROL DE HORARIO - La Competencia S.A<\/title>\n<meta name=\"robots\" content=\"index, follow, max-snippet:-1, max-image-preview:large, max-video-preview:-1\" \/>\n<link rel=\"canonical\" href=\"https:\/\/www.competencia.com.ec\/corporativo\/app-control-de-horario\ufffc\/\" \/>\n<meta property=\"og:locale\" content=\"es_ES\" \/>\n<meta property=\"og:type\" content=\"article\" \/>\n<meta property=\"og:title\" content=\"APP CONTROL DE HORARIO - La Competencia S.A\" \/>\n<meta property=\"og:description\" content=\"Registrar las horas de trabajo y constatar que los colaboradores cumplen con los horarios previstos por la empresa no es una tarea sencilla. Esta tarea se vuelve m\u00e1s compleja cuando la empresa cuenta con varios tipos de jornada o cuenta con la opci\u00f3n de teletrabajo. Es en este contexto..\" \/>\n<meta property=\"og:url\" content=\"https:\/\/www.competencia.com.ec\/corporativo\/app-control-de-horario\ufffc\/\" \/>\n<meta property=\"og:site_name\" content=\"La Competencia S.A\" \/>\n<meta property=\"article:publisher\" content=\"https:\/\/www.facebook.com\/lacompetenciasa\/\" \/>\n<meta property=\"article:published_time\" content=\"2022-06-09T19:59:34+00:00\" \/>\n<meta property=\"article:modified_time\" content=\"2022-08-10T21:45:42+00:00\" \/>\n<meta property=\"og:image\" content=\"https:\/\/www.competencia.com.ec\/corporativo\/wp-content\/uploads\/2022\/06\/art-3-line-cloud_banner.jpg\" \/>\n\t<meta property=\"og:image:width\" content=\"1920\" \/>\n\t<meta property=\"og:image:height\" content=\"750\" \/>\n\t<meta property=\"og:image:type\" content=\"image\/jpeg\" \/>\n<meta name=\"author\" content=\"admin\" \/>\n<meta name=\"twitter:card\" content=\"summary_large_image\" \/>\n<meta name=\"twitter:label1\" content=\"Escrito por\" \/>\n\t<meta name=\"twitter:data1\" content=\"admin\" \/>\n\t<meta name=\"twitter:label2\" content=\"Tiempo de lectura\" \/>\n\t<meta name=\"twitter:data2\" content=\"7 minutos\" \/>\n<script type=\"application\/ld+json\" class=\"yoast-schema-graph\">{\"@context\":\"https:\/\/schema.org\",\"@graph\":[{\"@type\":\"Article\",\"@id\":\"https:\/\/www.competencia.com.ec\/corporativo\/app-control-de-horario%ef%bf%bc\/#article\",\"isPartOf\":{\"@id\":\"https:\/\/www.competencia.com.ec\/corporativo\/app-control-de-horario%ef%bf%bc\/\"},\"author\":{\"name\":\"admin\",\"@id\":\"https:\/\/www.competencia.com.ec\/corporativo\/#\/schema\/person\/e1433f47ae15c214ad0b77407f167624\"},\"headline\":\"APP CONTROL DE HORARIO\",\"datePublished\":\"2022-06-09T19:59:34+00:00\",\"dateModified\":\"2022-08-10T21:45:42+00:00\",\"mainEntityOfPage\":{\"@id\":\"https:\/\/www.competencia.com.ec\/corporativo\/app-control-de-horario%ef%bf%bc\/\"},\"wordCount\":822,\"commentCount\":0,\"publisher\":{\"@id\":\"https:\/\/www.competencia.com.ec\/corporativo\/#organization\"},\"articleSection\":[\"Tiempo, Asistencia, Gesti\u00f3n y Seguridad\"],\"inLanguage\":\"es\",\"potentialAction\":[{\"@type\":\"CommentAction\",\"name\":\"Comment\",\"target\":[\"https:\/\/www.competencia.com.ec\/corporativo\/app-control-de-horario%ef%bf%bc\/#respond\"]}]},{\"@type\":\"WebPage\",\"@id\":\"https:\/\/www.competencia.com.ec\/corporativo\/app-control-de-horario%ef%bf%bc\/\",\"url\":\"https:\/\/www.competencia.com.ec\/corporativo\/app-control-de-horario%ef%bf%bc\/\",\"name\":\"APP CONTROL DE HORARIO - La Competencia S.A\",\"isPartOf\":{\"@id\":\"https:\/\/www.competencia.com.ec\/corporativo\/#website\"},\"datePublished\":\"2022-06-09T19:59:34+00:00\",\"dateModified\":\"2022-08-10T21:45:42+00:00\",\"breadcrumb\":{\"@id\":\"https:\/\/www.competencia.com.ec\/corporativo\/app-control-de-horario%ef%bf%bc\/#breadcrumb\"},\"inLanguage\":\"es\",\"potentialAction\":[{\"@type\":\"ReadAction\",\"target\":[\"https:\/\/www.competencia.com.ec\/corporativo\/app-control-de-horario%ef%bf%bc\/\"]}]},{\"@type\":\"BreadcrumbList\",\"@id\":\"https:\/\/www.competencia.com.ec\/corporativo\/app-control-de-horario%ef%bf%bc\/#breadcrumb\",\"itemListElement\":[{\"@type\":\"ListItem\",\"position\":1,\"name\":\"Portada\",\"item\":\"https:\/\/www.competencia.com.ec\/corporativo\/\"},{\"@type\":\"ListItem\",\"position\":2,\"name\":\"Tiempo, Asistencia, Gesti\u00f3n y Seguridad\",\"item\":\"https:\/\/www.competencia.com.ec\/corporativo\/category\/tags\/\"},{\"@type\":\"ListItem\",\"position\":3,\"name\":\"APP CONTROL DE HORARIO\"}]},{\"@type\":\"WebSite\",\"@id\":\"https:\/\/www.competencia.com.ec\/corporativo\/#website\",\"url\":\"https:\/\/www.competencia.com.ec\/corporativo\/\",\"name\":\"La Competencia S.A\",\"description\":\"Otro sitio realizado con WordPress\",\"publisher\":{\"@id\":\"https:\/\/www.competencia.com.ec\/corporativo\/#organization\"},\"alternateName\":\"competencia.com.ec\",\"potentialAction\":[{\"@type\":\"SearchAction\",\"target\":{\"@type\":\"EntryPoint\",\"urlTemplate\":\"https:\/\/www.competencia.com.ec\/corporativo\/?s={search_term_string}\"},\"query-input\":\"required name=search_term_string\"}],\"inLanguage\":\"es\"},{\"@type\":\"Organization\",\"@id\":\"https:\/\/www.competencia.com.ec\/corporativo\/#organization\",\"name\":\"LA COMPETENCIA S.A.\",\"alternateName\":\"competencia.com.ec\",\"url\":\"https:\/\/www.competencia.com.ec\/corporativo\/\",\"logo\":{\"@type\":\"ImageObject\",\"inLanguage\":\"es\",\"@id\":\"https:\/\/www.competencia.com.ec\/corporativo\/#\/schema\/logo\/image\/\",\"url\":\"https:\/\/www.competencia.com.ec\/corporativo\/wp-content\/uploads\/2022\/03\/cropped-Logo-horizontal-230x35-1.png\",\"contentUrl\":\"https:\/\/www.competencia.com.ec\/corporativo\/wp-content\/uploads\/2022\/03\/cropped-Logo-horizontal-230x35-1.png\",\"width\":230,\"height\":35,\"caption\":\"LA COMPETENCIA S.A.\"},\"image\":{\"@id\":\"https:\/\/www.competencia.com.ec\/corporativo\/#\/schema\/logo\/image\/\"},\"sameAs\":[\"https:\/\/www.facebook.com\/lacompetenciasa\/\"]},{\"@type\":\"Person\",\"@id\":\"https:\/\/www.competencia.com.ec\/corporativo\/#\/schema\/person\/e1433f47ae15c214ad0b77407f167624\",\"name\":\"admin\",\"image\":{\"@type\":\"ImageObject\",\"inLanguage\":\"es\",\"@id\":\"https:\/\/www.competencia.com.ec\/corporativo\/#\/schema\/person\/image\/\",\"url\":\"https:\/\/secure.gravatar.com\/avatar\/ad516503a11cd5ca435acc9bb6523536?s=150&#038;d=mm&#038;r=gforcedefault=1\",\"contentUrl\":\"https:\/\/secure.gravatar.com\/avatar\/ad516503a11cd5ca435acc9bb6523536?s=150&#038;d=mm&#038;r=gforcedefault=1\",\"caption\":\"admin\"},\"sameAs\":[\"http:\/\/10.0.0.35\/compe_corp\"]}]}<\/script>\n<!-- \/ Yoast SEO plugin. -->","yoast_head_json":{"title":"APP CONTROL DE HORARIO - La Competencia S.A","robots":{"index":"index","follow":"follow","max-snippet":"max-snippet:-1","max-image-preview":"max-image-preview:large","max-video-preview":"max-video-preview:-1"},"canonical":"https:\/\/www.competencia.com.ec\/corporativo\/app-control-de-horario\ufffc\/","og_locale":"es_ES","og_type":"article","og_title":"APP CONTROL DE HORARIO - La Competencia S.A","og_description":"Registrar las horas de trabajo y constatar que los colaboradores cumplen con los horarios previstos por la empresa no es una tarea sencilla. Esta tarea se vuelve m\u00e1s compleja cuando la empresa cuenta con varios tipos de jornada o cuenta con la opci\u00f3n de teletrabajo. Es en este contexto..","og_url":"https:\/\/www.competencia.com.ec\/corporativo\/app-control-de-horario\ufffc\/","og_site_name":"La Competencia S.A","article_publisher":"https:\/\/www.facebook.com\/lacompetenciasa\/","article_published_time":"2022-06-09T19:59:34+00:00","article_modified_time":"2022-08-10T21:45:42+00:00","og_image":[{"width":1920,"height":750,"url":"https:\/\/www.competencia.com.ec\/corporativo\/wp-content\/uploads\/2022\/06\/art-3-line-cloud_banner.jpg","type":"image\/jpeg"}],"author":"admin","twitter_card":"summary_large_image","twitter_misc":{"Escrito por":"admin","Tiempo de lectura":"7 minutos"},"schema":{"@context":"https:\/\/schema.org","@graph":[{"@type":"Article","@id":"https:\/\/www.competencia.com.ec\/corporativo\/app-control-de-horario%ef%bf%bc\/#article","isPartOf":{"@id":"https:\/\/www.competencia.com.ec\/corporativo\/app-control-de-horario%ef%bf%bc\/"},"author":{"name":"admin","@id":"https:\/\/www.competencia.com.ec\/corporativo\/#\/schema\/person\/e1433f47ae15c214ad0b77407f167624"},"headline":"APP CONTROL DE HORARIO","datePublished":"2022-06-09T19:59:34+00:00","dateModified":"2022-08-10T21:45:42+00:00","mainEntityOfPage":{"@id":"https:\/\/www.competencia.com.ec\/corporativo\/app-control-de-horario%ef%bf%bc\/"},"wordCount":822,"commentCount":0,"publisher":{"@id":"https:\/\/www.competencia.com.ec\/corporativo\/#organization"},"articleSection":["Tiempo, Asistencia, Gesti\u00f3n y Seguridad"],"inLanguage":"es","potentialAction":[{"@type":"CommentAction","name":"Comment","target":["https:\/\/www.competencia.com.ec\/corporativo\/app-control-de-horario%ef%bf%bc\/#respond"]}]},{"@type":"WebPage","@id":"https:\/\/www.competencia.com.ec\/corporativo\/app-control-de-horario%ef%bf%bc\/","url":"https:\/\/www.competencia.com.ec\/corporativo\/app-control-de-horario%ef%bf%bc\/","name":"APP CONTROL DE HORARIO - La Competencia S.A","isPartOf":{"@id":"https:\/\/www.competencia.com.ec\/corporativo\/#website"},"datePublished":"2022-06-09T19:59:34+00:00","dateModified":"2022-08-10T21:45:42+00:00","breadcrumb":{"@id":"https:\/\/www.competencia.com.ec\/corporativo\/app-control-de-horario%ef%bf%bc\/#breadcrumb"},"inLanguage":"es","potentialAction":[{"@type":"ReadAction","target":["https:\/\/www.competencia.com.ec\/corporativo\/app-control-de-horario%ef%bf%bc\/"]}]},{"@type":"BreadcrumbList","@id":"https:\/\/www.competencia.com.ec\/corporativo\/app-control-de-horario%ef%bf%bc\/#breadcrumb","itemListElement":[{"@type":"ListItem","position":1,"name":"Portada","item":"https:\/\/www.competencia.com.ec\/corporativo\/"},{"@type":"ListItem","position":2,"name":"Tiempo, Asistencia, Gesti\u00f3n y Seguridad","item":"https:\/\/www.competencia.com.ec\/corporativo\/category\/tags\/"},{"@type":"ListItem","position":3,"name":"APP CONTROL DE HORARIO"}]},{"@type":"WebSite","@id":"https:\/\/www.competencia.com.ec\/corporativo\/#website","url":"https:\/\/www.competencia.com.ec\/corporativo\/","name":"La Competencia S.A","description":"Otro sitio realizado con WordPress","publisher":{"@id":"https:\/\/www.competencia.com.ec\/corporativo\/#organization"},"alternateName":"competencia.com.ec","potentialAction":[{"@type":"SearchAction","target":{"@type":"EntryPoint","urlTemplate":"https:\/\/www.competencia.com.ec\/corporativo\/?s={search_term_string}"},"query-input":"required name=search_term_string"}],"inLanguage":"es"},{"@type":"Organization","@id":"https:\/\/www.competencia.com.ec\/corporativo\/#organization","name":"LA COMPETENCIA S.A.","alternateName":"competencia.com.ec","url":"https:\/\/www.competencia.com.ec\/corporativo\/","logo":{"@type":"ImageObject","inLanguage":"es","@id":"https:\/\/www.competencia.com.ec\/corporativo\/#\/schema\/logo\/image\/","url":"https:\/\/www.competencia.com.ec\/corporativo\/wp-content\/uploads\/2022\/03\/cropped-Logo-horizontal-230x35-1.png","contentUrl":"https:\/\/www.competencia.com.ec\/corporativo\/wp-content\/uploads\/2022\/03\/cropped-Logo-horizontal-230x35-1.png","width":230,"height":35,"caption":"LA COMPETENCIA S.A."},"image":{"@id":"https:\/\/www.competencia.com.ec\/corporativo\/#\/schema\/logo\/image\/"},"sameAs":["https:\/\/www.facebook.com\/lacompetenciasa\/"]},{"@type":"Person","@id":"https:\/\/www.competencia.com.ec\/corporativo\/#\/schema\/person\/e1433f47ae15c214ad0b77407f167624","name":"admin","image":{"@type":"ImageObject","inLanguage":"es","@id":"https:\/\/www.competencia.com.ec\/corporativo\/#\/schema\/person\/image\/","url":"https:\/\/secure.gravatar.com\/avatar\/ad516503a11cd5ca435acc9bb6523536?s=150&#038;d=mm&#038;r=gforcedefault=1","contentUrl":"https:\/\/secure.gravatar.com\/avatar\/ad516503a11cd5ca435acc9bb6523536?s=150&#038;d=mm&#038;r=gforcedefault=1","caption":"admin"},"sameAs":["http:\/\/10.0.0.35\/compe_corp"]}]}},"_links":{"self":[{"href":"https:\/\/www.competencia.com.ec\/corporativo\/wp-json\/wp\/v2\/posts\/2303"}],"collection":[{"href":"https:\/\/www.competencia.com.ec\/corporativo\/wp-json\/wp\/v2\/posts"}],"about":[{"href":"https:\/\/www.competencia.com.ec\/corporativo\/wp-json\/wp\/v2\/types\/post"}],"author":[{"embeddable":true,"href":"https:\/\/www.competencia.com.ec\/corporativo\/wp-json\/wp\/v2\/users\/1"}],"replies":[{"embeddable":true,"href":"https:\/\/www.competencia.com.ec\/corporativo\/wp-json\/wp\/v2\/comments?post=2303"}],"version-history":[{"count":8,"href":"https:\/\/www.competencia.com.ec\/corporativo\/wp-json\/wp\/v2\/posts\/2303\/revisions"}],"predecessor-version":[{"id":5485,"href":"https:\/\/www.competencia.com.ec\/corporativo\/wp-json\/wp\/v2\/posts\/2303\/revisions\/5485"}],"wp:featuredmedia":[{"embeddable":true,"href":"https:\/\/www.competencia.com.ec\/corporativo\/wp-json\/wp\/v2\/media\/2304"}],"wp:attachment":[{"href":"https:\/\/www.competencia.com.ec\/corporativo\/wp-json\/wp\/v2\/media?parent=2303"}],"wp:term":[{"taxonomy":"category","embeddable":true,"href":"https:\/\/www.competencia.com.ec\/corporativo\/wp-json\/wp\/v2\/categories?post=2303"},{"taxonomy":"post_tag","embeddable":true,"href":"https:\/\/www.competencia.com.ec\/corporativo\/wp-json\/wp\/v2\/tags?post=2303"}],"curies":[{"name":"wp","href":"https:\/\/api.w.org\/{rel}","templated":true}]}}