{"id":23778,"date":"2025-04-10T10:25:49","date_gmt":"2025-04-10T15:25:49","guid":{"rendered":"https:\/\/www.competencia.com.ec\/corporativo\/?p=23778"},"modified":"2025-04-10T10:25:53","modified_gmt":"2025-04-10T15:25:53","slug":"vacaciones-laborales-por-que-calcularlas-manualmente-es-un-caos-total","status":"publish","type":"post","link":"https:\/\/www.competencia.com.ec\/corporativo\/vacaciones-laborales-por-que-calcularlas-manualmente-es-un-caos-total\/","title":{"rendered":"Vacaciones Laborales: Por qu\u00e9 calcularlas manualmente es un caos total"},"content":{"rendered":"\t\t<div data-elementor-type=\"wp-post\" data-elementor-id=\"23778\" class=\"elementor elementor-23778\" data-elementor-settings=\"[]\">\n\t\t\t\t\t\t\t<div class=\"elementor-section-wrap\">\n\t\t\t\t\t\t\t<section class=\"has_ae_slider elementor-section elementor-top-section elementor-element elementor-element-584eed6 elementor-section-boxed elementor-section-height-default elementor-section-height-default wpr-particle-no wpr-jarallax-no wpr-parallax-no wpr-sticky-section-no ae-bg-gallery-type-default\" data-id=\"584eed6\" data-element_type=\"section\">\n\t\t\t\t\t\t<div class=\"elementor-container elementor-column-gap-default\">\n\t\t\t\t\t<div class=\"has_ae_slider elementor-column elementor-col-100 elementor-top-column elementor-element elementor-element-baeda1f ae-bg-gallery-type-default\" data-id=\"baeda1f\" data-element_type=\"column\">\n\t\t\t<div class=\"elementor-widget-wrap elementor-element-populated\">\n\t\t\t\t\t\t\t\t<section class=\"has_ae_slider elementor-section elementor-inner-section elementor-element elementor-element-2dbdee4 elementor-section-boxed elementor-section-height-default elementor-section-height-default wpr-particle-no wpr-jarallax-no wpr-parallax-no wpr-sticky-section-no ae-bg-gallery-type-default\" data-id=\"2dbdee4\" data-element_type=\"section\">\n\t\t\t\t\t\t<div class=\"elementor-container elementor-column-gap-default\">\n\t\t\t\t\t<div class=\"has_ae_slider elementor-column elementor-col-100 elementor-inner-column elementor-element elementor-element-789ed89 ae-bg-gallery-type-default\" data-id=\"789ed89\" data-element_type=\"column\">\n\t\t\t<div class=\"elementor-widget-wrap elementor-element-populated\">\n\t\t\t\t\t\t\t\t<div class=\"elementor-element elementor-element-db6b7e6 elementor-widget elementor-widget-text-editor\" data-id=\"db6b7e6\" data-element_type=\"widget\" data-widget_type=\"text-editor.default\">\n\t\t\t\t<div class=\"elementor-widget-container\">\n\t\t\t<style>\/*! elementor - v3.5.6 - 28-02-2022 *\/\n.elementor-widget-text-editor.elementor-drop-cap-view-stacked .elementor-drop-cap{background-color:#818a91;color:#fff}.elementor-widget-text-editor.elementor-drop-cap-view-framed .elementor-drop-cap{color:#818a91;border:3px solid;background-color:transparent}.elementor-widget-text-editor:not(.elementor-drop-cap-view-default) .elementor-drop-cap{margin-top:8px}.elementor-widget-text-editor:not(.elementor-drop-cap-view-default) .elementor-drop-cap-letter{width:1em;height:1em}.elementor-widget-text-editor .elementor-drop-cap{float:left;text-align:center;line-height:1;font-size:50px}.elementor-widget-text-editor .elementor-drop-cap-letter{display:inline-block}<\/style>\t\t\t\t<p>Calcular <strong>vacaciones laborales<\/strong> a mano es como intentar organizar una boda con post-its y humo de colores. Si alguna vez te ha tocado hacerlo, sabes que el Excel se convierte en tu peor enemigo, los empleados en detectives del tiempo libre, y t\u00fa&#8230; en el m\u00e1rtir del departamento de RRHH.<\/p>\t\t\t\t\t\t<\/div>\n\t\t\t\t<\/div>\n\t\t\t\t\t<\/div>\n\t\t<\/div>\n\t\t\t\t\t\t\t<\/div>\n\t\t<\/section>\n\t\t\t\t<section class=\"has_ae_slider elementor-section elementor-inner-section elementor-element elementor-element-fdad950 elementor-section-boxed elementor-section-height-default elementor-section-height-default wpr-particle-no wpr-jarallax-no wpr-parallax-no wpr-sticky-section-no ae-bg-gallery-type-default\" data-id=\"fdad950\" data-element_type=\"section\">\n\t\t\t\t\t\t<div class=\"elementor-container elementor-column-gap-default\">\n\t\t\t\t\t<div class=\"has_ae_slider elementor-column elementor-col-100 elementor-inner-column elementor-element elementor-element-48c0f88 ae-bg-gallery-type-default\" data-id=\"48c0f88\" data-element_type=\"column\">\n\t\t\t<div class=\"elementor-widget-wrap elementor-element-populated\">\n\t\t\t\t\t\t\t\t<div class=\"elementor-element elementor-element-8489b46 elementor-widget elementor-widget-text-editor\" data-id=\"8489b46\" data-element_type=\"widget\" data-widget_type=\"text-editor.default\">\n\t\t\t\t<div class=\"elementor-widget-container\">\n\t\t\t\t\t\t\t<h2>El Infierno de Calcular Vacaciones Manualmente<\/h2>\n<p>\u00bfTodav\u00eda usas hojas de c\u00e1lculo para llevar el control de <strong>vacaciones laborales<\/strong>? Prep\u00e1rate para revivir tus traumas:<\/p>\n\n<h3>1. Errores humanos nivel apocalipsis<\/h3>\n<p>Una f\u00f3rmula mal arrastrada y \u00a1boom! Le debes 40 d\u00edas de vacaciones a alguien que lleva dos meses en la empresa. Eso s\u00ed que es generosidad corporativa.<\/p>\n\n<h3>2. Reclamos y discusiones eternas<\/h3>\n<p>\u00abYo s\u00e9 que me quedan 3 d\u00edas m\u00e1s porque en 2021 solo tom\u00e9 medio d\u00eda\u00bb. Y t\u00fa, con mil pesta\u00f1as abiertas y cero paciencia, buscando el archivo que probablemente se fue con el formateo del a\u00f1o pasado.<\/p>\n\n<h3>3. C\u00e1lculos m\u00e1s confusos que el hor\u00f3scopo maya<\/h3>\n<p>Antig\u00fcedad, feriados, licencias especiales, d\u00edas de descanso&#8230; El Excel llora y t\u00fa tambi\u00e9n. Un error y toda la planificaci\u00f3n se va por el ca\u00f1o.<\/p>\n\n<h3>4. \u00a1Se fueron todos y nadie qued\u00f3 trabajando!<\/h3>\n<p>Cuando dos personas del mismo equipo se van de vacaciones al mismo tiempo porque, sorpresa: \u00a1nadie lo control\u00f3 bien! Bienvenidos al desorden organizacional premium.<\/p>\t\t\t\t\t\t<\/div>\n\t\t\t\t<\/div>\n\t\t\t\t\t<\/div>\n\t\t<\/div>\n\t\t\t\t\t\t\t<\/div>\n\t\t<\/section>\n\t\t\t\t<section class=\"has_ae_slider elementor-section elementor-inner-section elementor-element elementor-element-4d43435 elementor-section-boxed elementor-section-height-default elementor-section-height-default wpr-particle-no wpr-jarallax-no wpr-parallax-no wpr-sticky-section-no ae-bg-gallery-type-default\" data-id=\"4d43435\" data-element_type=\"section\">\n\t\t\t\t\t\t<div class=\"elementor-container elementor-column-gap-default\">\n\t\t\t\t\t<div class=\"has_ae_slider elementor-column elementor-col-100 elementor-inner-column elementor-element elementor-element-31bdf4e ae-bg-gallery-type-default\" data-id=\"31bdf4e\" data-element_type=\"column\">\n\t\t\t<div class=\"elementor-widget-wrap elementor-element-populated\">\n\t\t\t\t\t\t\t\t<div class=\"elementor-element elementor-element-4283347 elementor-widget elementor-widget-text-editor\" data-id=\"4283347\" data-element_type=\"widget\" data-widget_type=\"text-editor.default\">\n\t\t\t\t<div class=\"elementor-widget-container\">\n\t\t\t\t\t\t\t<h2>Automatizar: Tu Mejor Decisi\u00f3n Desde el Caf\u00e9 de la Ma\u00f1ana<\/h2>\n<p>Adi\u00f3s a las f\u00f3rmulas ocultas, hola automatizaci\u00f3n. Un <strong>software de RRHH<\/strong> puede hacer lo que t\u00fa, tu Excel y tu caf\u00e9 no pueden: traer orden.<\/p>\n\n<h3>1. C\u00e1lculos autom\u00e1ticos sin dramas<\/h3>\n<p>El sistema realiza los c\u00e1lculos de <strong>vacaciones laborales<\/strong> por ti, seg\u00fan pol\u00edticas de empresa, leyes locales y antig\u00fcedad. Y lo mejor: sin errores.<\/p>\n\n<h3>2. Solicitudes en tiempo real<\/h3>\n<p>Los empleados pueden pedir vacaciones desde su m\u00f3vil. T\u00fa solo apruebas o rechazas con un clic, sin correos eternos ni papelitos olvidados.<\/p>\n\n<h3>3. Registro hist\u00f3rico impecable<\/h3>\n<p>Cada solicitud queda almacenada. Ya nadie puede decir: \u00abEs que yo s\u00ed te mand\u00e9 el permiso&#8230; en enero de 2022 por WhatsApp\u00bb.<\/p>\n\n<h3>4. Alertas inteligentes que salvan<\/h3>\n<p>Evita que todo el mundo pida vacaciones en diciembre. El sistema te avisa si se cruzan fechas o si el \u00e1rea se queda sin personal.<\/p>\n\n<h3>5. Cumplimiento legal autom\u00e1tico<\/h3>\n<p>Olv\u00eddate de buscar la \u00faltima reforma laboral en Google a las 11 p.m. El software se actualiza para cumplir con la normativa vigente.<\/p>\t\t\t\t\t\t<\/div>\n\t\t\t\t<\/div>\n\t\t\t\t\t<\/div>\n\t\t<\/div>\n\t\t\t\t\t\t\t<\/div>\n\t\t<\/section>\n\t\t\t\t<section class=\"has_ae_slider elementor-section elementor-inner-section elementor-element elementor-element-211f78d elementor-section-boxed elementor-section-height-default elementor-section-height-default wpr-particle-no wpr-jarallax-no wpr-parallax-no wpr-sticky-section-no ae-bg-gallery-type-default\" data-id=\"211f78d\" data-element_type=\"section\">\n\t\t\t\t\t\t<div class=\"elementor-container elementor-column-gap-default\">\n\t\t\t\t\t<div class=\"has_ae_slider elementor-column elementor-col-100 elementor-inner-column elementor-element elementor-element-cb3a06c ae-bg-gallery-type-default\" data-id=\"cb3a06c\" data-element_type=\"column\">\n\t\t\t<div class=\"elementor-widget-wrap elementor-element-populated\">\n\t\t\t\t\t\t\t\t<div class=\"elementor-element elementor-element-efb77a0 elementor-widget elementor-widget-text-editor\" data-id=\"efb77a0\" data-element_type=\"widget\" data-widget_type=\"text-editor.default\">\n\t\t\t\t<div class=\"elementor-widget-container\">\n\t\t\t\t\t\t\t<h2>Lince Cloud: El Superh\u00e9roe del Departamento de RRHH<\/h2>\n<p><a href=\"https:\/\/www.competencia.com.ec\/corporativo\/biometrico-lince-cloud\/\" target=\"_blank\">Lince Cloud<\/a> es un <strong>software de RRHH<\/strong> desarrollado por La Competencia S.A., pensado para personas que ya no quieren sufrir. \u00bfQu\u00e9 ofrece?<\/p>\n\n<h3>Gesti\u00f3n autom\u00e1tica de vacaciones y permisos<\/h3>\n<p>Simplifica la administraci\u00f3n del tiempo libre, eliminando errores humanos y reclamos injustificados.<\/p>\n\n<h3>Reportes detallados<\/h3>\n<p>Visualiza en segundos qui\u00e9n tom\u00f3 d\u00edas, cu\u00e1ntos le quedan y qu\u00e9 \u00e1reas estar\u00e1n con baja cobertura.<\/p>\n\n<h3>Integraci\u00f3n con la n\u00f3mina<\/h3>\n<p>Evita que le pagues horas extras al que estaba en Gal\u00e1pagos. Todo sincronizado con tu sistema de pagos.<\/p>\n\n<h3>Acceso desde cualquier lugar<\/h3>\n<p>Desde la playa, la oficina o tu cama. Lince Cloud funciona en la nube, ideal para trabajo remoto o h\u00edbrido.<\/p>\n\n<h3>Registro de jornada laboral<\/h3>\n<p>Controla entradas, salidas y descansos con dispositivos m\u00f3viles. Ideal para empresas modernas y equipos dispersos.<\/p>\n\n<h3>M\u00f3dulo de horarios flexibles<\/h3>\n<p>Perfecto para esos empleados que no siguen el horario tradicional. Gestiona f\u00e1cilmente turnos rotativos o por proyecto.<\/p>\n\n<h3>Reportes y an\u00e1lisis para decisiones inteligentes<\/h3>\n<p>Accede a m\u00e9tricas sobre permisos, ausencias, tiempos incompletos y m\u00e1s. Porque tomar decisiones con datos siempre es mejor.<\/p>\t\t\t\t\t\t<\/div>\n\t\t\t\t<\/div>\n\t\t\t\t\t<\/div>\n\t\t<\/div>\n\t\t\t\t\t\t\t<\/div>\n\t\t<\/section>\n\t\t\t\t<section class=\"has_ae_slider elementor-section elementor-inner-section elementor-element elementor-element-ebc079c elementor-section-boxed elementor-section-height-default elementor-section-height-default wpr-particle-no wpr-jarallax-no wpr-parallax-no wpr-sticky-section-no ae-bg-gallery-type-default\" data-id=\"ebc079c\" data-element_type=\"section\">\n\t\t\t\t\t\t<div class=\"elementor-container elementor-column-gap-default\">\n\t\t\t\t\t<div class=\"has_ae_slider elementor-column elementor-col-100 elementor-inner-column elementor-element elementor-element-b45efef ae-bg-gallery-type-default\" data-id=\"b45efef\" data-element_type=\"column\">\n\t\t\t<div class=\"elementor-widget-wrap elementor-element-populated\">\n\t\t\t\t\t\t\t\t<div class=\"elementor-element elementor-element-99e8e18 elementor-widget elementor-widget-text-editor\" data-id=\"99e8e18\" data-element_type=\"widget\" data-widget_type=\"text-editor.default\">\n\t\t\t\t<div class=\"elementor-widget-container\">\n\t\t\t\t\t\t\t<h2>Comparativa R\u00e1pida: Manual vs. Automatizado<\/h2>\n<table>\n  <thead>\n    <tr>\n      <th>Aspecto<\/th>\n      <th>Manual (Excel o papel)<\/th>\n      <th>Con Lince Cloud<\/th>\n    <\/tr>\n  <\/thead>\n  <tbody>\n    <tr>\n      <td>Precisi\u00f3n<\/td>\n      <td>Alta probabilidad de error<\/td>\n      <td>Autom\u00e1tico y exacto<\/td>\n    <\/tr>\n    <tr>\n      <td>Tiempo invertido<\/td>\n      <td>Horas<\/td>\n      <td>Minutos<\/td>\n    <\/tr>\n    <tr>\n      <td>Disponibilidad<\/td>\n      <td>En la oficina, en horario<\/td>\n      <td>Desde cualquier lugar, 24\/7<\/td>\n    <\/tr>\n    <tr>\n      <td>Seguimiento<\/td>\n      <td>Difuso y manual<\/td>\n      <td>Hist\u00f3rico completo en la nube<\/td>\n    <\/tr>\n    <tr>\n      <td>Normativa legal<\/td>\n      <td>Depende de ti recordarla<\/td>\n      <td>Se actualiza autom\u00e1ticamente<\/td>\n    <\/tr>\n  <\/tbody>\n<\/table>\t\t\t\t\t\t<\/div>\n\t\t\t\t<\/div>\n\t\t\t\t\t<\/div>\n\t\t<\/div>\n\t\t\t\t\t\t\t<\/div>\n\t\t<\/section>\n\t\t\t\t<section class=\"has_ae_slider elementor-section elementor-inner-section elementor-element elementor-element-7350168 elementor-section-boxed elementor-section-height-default elementor-section-height-default wpr-particle-no wpr-jarallax-no wpr-parallax-no wpr-sticky-section-no ae-bg-gallery-type-default\" data-id=\"7350168\" data-element_type=\"section\">\n\t\t\t\t\t\t<div class=\"elementor-container elementor-column-gap-default\">\n\t\t\t\t\t<div class=\"has_ae_slider elementor-column elementor-col-100 elementor-inner-column elementor-element elementor-element-a07269c ae-bg-gallery-type-default\" data-id=\"a07269c\" data-element_type=\"column\">\n\t\t\t<div class=\"elementor-widget-wrap elementor-element-populated\">\n\t\t\t\t\t\t\t\t<div class=\"elementor-element elementor-element-44c38b2 elementor-widget elementor-widget-text-editor\" data-id=\"44c38b2\" data-element_type=\"widget\" data-widget_type=\"text-editor.default\">\n\t\t\t\t<div class=\"elementor-widget-container\">\n\t\t\t\t\t\t\t<h2>Conclusi\u00f3n: Di Adi\u00f3s al Caos (Y a las F\u00f3rmulas de Excel)<\/h2>\n<p>Calcular <strong>vacaciones laborales<\/strong> manualmente es como cocinar sin fuego: posible, pero innecesariamente dif\u00edcil. Si quieres evitar dramas, errores y discusiones, invierte en un <strong>software de RRHH<\/strong> como <a href=\"https:\/\/www.competencia.com.ec\/corporativo\/lince-lite\/\" target=\"_blank\">Lince Cloud<\/a>.<\/p>\n<p>No se trata solo de ahorrar tiempo. Se trata de tener paz mental, eficiencia organizacional y una gesti\u00f3n moderna que te permita enfocarte en lo que realmente importa: las personas.<\/p>\n\t\t\t\t\t\t<\/div>\n\t\t\t\t<\/div>\n\t\t\t\t\t<\/div>\n\t\t<\/div>\n\t\t\t\t\t\t\t<\/div>\n\t\t<\/section>\n\t\t\t\t<section class=\"has_ae_slider elementor-section elementor-inner-section elementor-element elementor-element-25991d5 elementor-section-boxed elementor-section-height-default elementor-section-height-default wpr-particle-no wpr-jarallax-no wpr-parallax-no wpr-sticky-section-no ae-bg-gallery-type-default\" data-id=\"25991d5\" data-element_type=\"section\" data-settings=\"{&quot;background_background&quot;:&quot;classic&quot;}\">\n\t\t\t\t\t\t<div class=\"elementor-container elementor-column-gap-default\">\n\t\t\t\t\t<div class=\"has_ae_slider elementor-column elementor-col-100 elementor-inner-column elementor-element elementor-element-e8803c3 ae-bg-gallery-type-default\" data-id=\"e8803c3\" data-element_type=\"column\">\n\t\t\t<div class=\"elementor-widget-wrap elementor-element-populated\">\n\t\t\t\t\t\t\t\t<div class=\"elementor-element elementor-element-2fd449c elementor-widget elementor-widget-text-editor\" data-id=\"2fd449c\" data-element_type=\"widget\" data-widget_type=\"text-editor.default\">\n\t\t\t\t<div class=\"elementor-widget-container\">\n\t\t\t\t\t\t\t<h2>Preguntas Frecuentes<\/h2>\n<h3>\u00bfEs complicado migrar de Excel a un software de RRHH?<\/h3>\n<p>No. Soluciones como <strong>Lince Cloud<\/strong> permiten una implementaci\u00f3n \u00e1gil con acompa\u00f1amiento t\u00e9cnico.<\/p>\n\n<h3>\u00bfEl sistema cumple con las normativas legales en Ecuador?<\/h3>\n<p>S\u00ed. Est\u00e1 dise\u00f1ado para adaptarse a la legislaci\u00f3n ecuatoriana. Puedes consultarlo <a href=\"https:\/\/tu.nomina360.com.ec\/como-calcular-las-vacaciones-en-ecuador\/\" target=\"_blank\">aqu\u00ed<\/a>.<\/p>\n\n<h3>\u00bfSolo sirve para empresas grandes?<\/h3>\n<p>No. Tambi\u00e9n hay versiones como <a href=\"https:\/\/www.competencia.com.ec\/corporativo\/lince-lite\/\" target=\"_blank\">Lince Lite<\/a> para empresas peque\u00f1as o en crecimiento.<\/p>\n\n<h3>\u00bfPuedo controlar asistencia y vacaciones en el mismo sistema?<\/h3>\n<p>S\u00ed. Lince Cloud es un <strong>software de control de asistencia<\/strong> y vacaciones en una sola plataforma.<\/p>\n\n<h3>\u00bfPuedo probarlo antes de comprar?<\/h3>\n<p>Claro. Visita <a href=\"https:\/\/www.competencia.com.ec\/corporativo\/soluciones-de-tiempo-asistencia-gestion-y-segurdad\/\" target=\"_blank\">este enlace<\/a> para m\u00e1s informaci\u00f3n.<\/p>\t\t\t\t\t\t<\/div>\n\t\t\t\t<\/div>\n\t\t\t\t\t<\/div>\n\t\t<\/div>\n\t\t\t\t\t\t\t<\/div>\n\t\t<\/section>\n\t\t\t\t\t<\/div>\n\t\t<\/div>\n\t\t\t\t\t\t\t<\/div>\n\t\t<\/section>\n\t\t\t\t<section class=\"has_ae_slider elementor-section elementor-top-section elementor-element elementor-element-64a27728 elementor-section-boxed elementor-section-height-default elementor-section-height-default wpr-particle-no wpr-jarallax-no wpr-parallax-no wpr-sticky-section-no ae-bg-gallery-type-default\" data-id=\"64a27728\" data-element_type=\"section\">\n\t\t\t\t\t\t<div class=\"elementor-container elementor-column-gap-default\">\n\t\t\t\t\t<div class=\"has_ae_slider elementor-column elementor-col-100 elementor-top-column elementor-element elementor-element-2a9f876f ae-bg-gallery-type-default\" data-id=\"2a9f876f\" data-element_type=\"column\">\n\t\t\t<div class=\"elementor-widget-wrap elementor-element-populated\">\n\t\t\t\t\t\t\t\t<section class=\"has_ae_slider elementor-section elementor-inner-section elementor-element elementor-element-628f560c elementor-section-boxed elementor-section-height-default elementor-section-height-default wpr-particle-no wpr-jarallax-no wpr-parallax-no wpr-sticky-section-no ae-bg-gallery-type-default\" data-id=\"628f560c\" data-element_type=\"section\">\n\t\t\t\t\t\t<div class=\"elementor-container elementor-column-gap-default\">\n\t\t\t\t\t<div class=\"has_ae_slider elementor-column elementor-col-100 elementor-inner-column elementor-element elementor-element-138f4aef ae-bg-gallery-type-default\" data-id=\"138f4aef\" data-element_type=\"column\">\n\t\t\t<div class=\"elementor-widget-wrap elementor-element-populated\">\n\t\t\t\t\t\t\t\t<div class=\"elementor-element elementor-element-21c0d0ac elementor-widget elementor-widget-heading\" data-id=\"21c0d0ac\" data-element_type=\"widget\" data-widget_type=\"heading.default\">\n\t\t\t\t<div class=\"elementor-widget-container\">\n\t\t\t<style>\/*! elementor - v3.5.6 - 28-02-2022 *\/\n.elementor-heading-title{padding:0;margin:0;line-height:1}.elementor-widget-heading .elementor-heading-title[class*=elementor-size-]>a{color:inherit;font-size:inherit;line-height:inherit}.elementor-widget-heading .elementor-heading-title.elementor-size-small{font-size:15px}.elementor-widget-heading .elementor-heading-title.elementor-size-medium{font-size:19px}.elementor-widget-heading .elementor-heading-title.elementor-size-large{font-size:29px}.elementor-widget-heading .elementor-heading-title.elementor-size-xl{font-size:39px}.elementor-widget-heading .elementor-heading-title.elementor-size-xxl{font-size:59px}<\/style><h4 class=\"elementor-heading-title elementor-size-default\">\u00bfQuieres conocer m\u00e1s sobre temas relacionados con, calculo de vacaciones?<\/h4>\t\t<\/div>\n\t\t\t\t<\/div>\n\t\t\t\t<div class=\"elementor-element elementor-element-1a374bc6 elementor-widget elementor-widget-text-editor\" data-id=\"1a374bc6\" data-element_type=\"widget\" data-widget_type=\"text-editor.default\">\n\t\t\t\t<div class=\"elementor-widget-container\">\n\t\t\t\t\t\t\t<p>S\u00edguenos o escr\u00edbenos en nuestras redes sociales y ent\u00e9rate de mucho m\u00e1s.<\/p>\t\t\t\t\t\t<\/div>\n\t\t\t\t<\/div>\n\t\t\t\t<div class=\"elementor-element elementor-element-59d394f9 elementor-shape-square elementor-grid-0 e-grid-align-center elementor-widget elementor-widget-social-icons\" data-id=\"59d394f9\" data-element_type=\"widget\" data-widget_type=\"social-icons.default\">\n\t\t\t\t<div class=\"elementor-widget-container\">\n\t\t\t<style>\/*! elementor - v3.5.6 - 28-02-2022 *\/\n.elementor-widget-social-icons.elementor-grid-0 .elementor-widget-container,.elementor-widget-social-icons.elementor-grid-mobile-0 .elementor-widget-container,.elementor-widget-social-icons.elementor-grid-tablet-0 .elementor-widget-container{line-height:1;font-size:0}.elementor-widget-social-icons:not(.elementor-grid-0):not(.elementor-grid-tablet-0):not(.elementor-grid-mobile-0) .elementor-grid{display:inline-grid}.elementor-widget-social-icons .elementor-grid{grid-column-gap:var(--grid-column-gap,5px);grid-row-gap:var(--grid-row-gap,5px);grid-template-columns:var(--grid-template-columns);-webkit-box-pack:var(--justify-content,center);-ms-flex-pack:var(--justify-content,center);justify-content:var(--justify-content,center);justify-items:var(--justify-content,center)}.elementor-icon.elementor-social-icon{font-size:var(--icon-size,25px);line-height:var(--icon-size,25px);width:calc(var(--icon-size, 25px) + (2 * var(--icon-padding, .5em)));height:calc(var(--icon-size, 25px) + (2 * var(--icon-padding, .5em)))}.elementor-social-icon{--e-social-icon-icon-color:#fff;display:-webkit-inline-box;display:-ms-inline-flexbox;display:inline-flex;background-color:#818a91;-webkit-box-align:center;-ms-flex-align:center;align-items:center;-webkit-box-pack:center;-ms-flex-pack:center;justify-content:center;text-align:center;cursor:pointer}.elementor-social-icon i{color:var(--e-social-icon-icon-color)}.elementor-social-icon svg{fill:var(--e-social-icon-icon-color)}.elementor-social-icon:last-child{margin:0}.elementor-social-icon:hover{opacity:.9;color:#fff}.elementor-social-icon-android{background-color:#a4c639}.elementor-social-icon-apple{background-color:#999}.elementor-social-icon-behance{background-color:#1769ff}.elementor-social-icon-bitbucket{background-color:#205081}.elementor-social-icon-codepen{background-color:#000}.elementor-social-icon-delicious{background-color:#39f}.elementor-social-icon-deviantart{background-color:#05cc47}.elementor-social-icon-digg{background-color:#005be2}.elementor-social-icon-dribbble{background-color:#ea4c89}.elementor-social-icon-elementor{background-color:#d30c5c}.elementor-social-icon-envelope{background-color:#ea4335}.elementor-social-icon-facebook,.elementor-social-icon-facebook-f{background-color:#3b5998}.elementor-social-icon-flickr{background-color:#0063dc}.elementor-social-icon-foursquare{background-color:#2d5be3}.elementor-social-icon-free-code-camp,.elementor-social-icon-freecodecamp{background-color:#006400}.elementor-social-icon-github{background-color:#333}.elementor-social-icon-gitlab{background-color:#e24329}.elementor-social-icon-globe{background-color:#818a91}.elementor-social-icon-google-plus,.elementor-social-icon-google-plus-g{background-color:#dd4b39}.elementor-social-icon-houzz{background-color:#7ac142}.elementor-social-icon-instagram{background-color:#262626}.elementor-social-icon-jsfiddle{background-color:#487aa2}.elementor-social-icon-link{background-color:#818a91}.elementor-social-icon-linkedin,.elementor-social-icon-linkedin-in{background-color:#0077b5}.elementor-social-icon-medium{background-color:#00ab6b}.elementor-social-icon-meetup{background-color:#ec1c40}.elementor-social-icon-mixcloud{background-color:#273a4b}.elementor-social-icon-odnoklassniki{background-color:#f4731c}.elementor-social-icon-pinterest{background-color:#bd081c}.elementor-social-icon-product-hunt{background-color:#da552f}.elementor-social-icon-reddit{background-color:#ff4500}.elementor-social-icon-rss{background-color:#f26522}.elementor-social-icon-shopping-cart{background-color:#4caf50}.elementor-social-icon-skype{background-color:#00aff0}.elementor-social-icon-slideshare{background-color:#0077b5}.elementor-social-icon-snapchat{background-color:#fffc00}.elementor-social-icon-soundcloud{background-color:#f80}.elementor-social-icon-spotify{background-color:#2ebd59}.elementor-social-icon-stack-overflow{background-color:#fe7a15}.elementor-social-icon-steam{background-color:#00adee}.elementor-social-icon-stumbleupon{background-color:#eb4924}.elementor-social-icon-telegram{background-color:#2ca5e0}.elementor-social-icon-thumb-tack{background-color:#1aa1d8}.elementor-social-icon-tripadvisor{background-color:#589442}.elementor-social-icon-tumblr{background-color:#35465c}.elementor-social-icon-twitch{background-color:#6441a5}.elementor-social-icon-twitter{background-color:#1da1f2}.elementor-social-icon-viber{background-color:#665cac}.elementor-social-icon-vimeo{background-color:#1ab7ea}.elementor-social-icon-vk{background-color:#45668e}.elementor-social-icon-weibo{background-color:#dd2430}.elementor-social-icon-weixin{background-color:#31a918}.elementor-social-icon-whatsapp{background-color:#25d366}.elementor-social-icon-wordpress{background-color:#21759b}.elementor-social-icon-xing{background-color:#026466}.elementor-social-icon-yelp{background-color:#af0606}.elementor-social-icon-youtube{background-color:#cd201f}.elementor-social-icon-500px{background-color:#0099e5}.elementor-shape-rounded .elementor-icon.elementor-social-icon{-webkit-border-radius:10%;border-radius:10%}.elementor-shape-circle .elementor-icon.elementor-social-icon{-webkit-border-radius:50%;border-radius:50%}<\/style>\t\t<div class=\"elementor-social-icons-wrapper elementor-grid\">\n\t\t\t\t\t\t\t<span class=\"elementor-grid-item\">\n\t\t\t\t\t<a class=\"elementor-icon elementor-social-icon elementor-social-icon-facebook elementor-repeater-item-3e78c65\" href=\"https:\/\/facebook.com\/lacompetenciasa\" target=\"_blank\">\n\t\t\t\t\t\t<span class=\"elementor-screen-only\">Facebook<\/span>\n\t\t\t\t\t\t<i class=\"fab fa-facebook\"><\/i>\t\t\t\t\t<\/a>\n\t\t\t\t<\/span>\n\t\t\t\t\t\t\t<span class=\"elementor-grid-item\">\n\t\t\t\t\t<a class=\"elementor-icon elementor-social-icon elementor-social-icon-instagram elementor-repeater-item-b05411b\" href=\"https:\/\/www.instagram.com\/lacompetenciasa\/\" target=\"_blank\">\n\t\t\t\t\t\t<span class=\"elementor-screen-only\">Instagram<\/span>\n\t\t\t\t\t\t<i class=\"fab fa-instagram\"><\/i>\t\t\t\t\t<\/a>\n\t\t\t\t<\/span>\n\t\t\t\t\t\t\t<span class=\"elementor-grid-item\">\n\t\t\t\t\t<a class=\"elementor-icon elementor-social-icon elementor-social-icon-linkedin elementor-repeater-item-92bc806\" href=\"https:\/\/linkedin.com\/company\/25060480\" target=\"_blank\">\n\t\t\t\t\t\t<span class=\"elementor-screen-only\">Linkedin<\/span>\n\t\t\t\t\t\t<i class=\"fab fa-linkedin\"><\/i>\t\t\t\t\t<\/a>\n\t\t\t\t<\/span>\n\t\t\t\t\t\t\t<span class=\"elementor-grid-item\">\n\t\t\t\t\t<a class=\"elementor-icon elementor-social-icon elementor-social-icon-youtube elementor-repeater-item-e81b2ce\" href=\"https:\/\/youtube.com\/channel\/UCNja2PQOVF_nnRigryF7E-Q\" target=\"_blank\">\n\t\t\t\t\t\t<span class=\"elementor-screen-only\">Youtube<\/span>\n\t\t\t\t\t\t<i class=\"fab fa-youtube\"><\/i>\t\t\t\t\t<\/a>\n\t\t\t\t<\/span>\n\t\t\t\t\t\t\t<span class=\"elementor-grid-item\">\n\t\t\t\t\t<a class=\"elementor-icon elementor-social-icon elementor-social-icon-whatsapp elementor-repeater-item-55dba47\" href=\"https:\/\/wa.me\/5930969729361\/?text=M\u00e1s%20informaci\u00f3n%20smart%20home\" target=\"_blank\">\n\t\t\t\t\t\t<span class=\"elementor-screen-only\">Whatsapp<\/span>\n\t\t\t\t\t\t<i class=\"fab fa-whatsapp\"><\/i>\t\t\t\t\t<\/a>\n\t\t\t\t<\/span>\n\t\t\t\t\t<\/div>\n\t\t\t\t<\/div>\n\t\t\t\t<\/div>\n\t\t\t\t\t<\/div>\n\t\t<\/div>\n\t\t\t\t\t\t\t<\/div>\n\t\t<\/section>\n\t\t\t\t<section class=\"has_ae_slider elementor-section elementor-inner-section elementor-element elementor-element-4ea129fa elementor-section-boxed elementor-section-height-default elementor-section-height-default wpr-particle-no wpr-jarallax-no wpr-parallax-no wpr-sticky-section-no ae-bg-gallery-type-default\" data-id=\"4ea129fa\" data-element_type=\"section\" data-settings=\"{&quot;background_background&quot;:&quot;classic&quot;}\">\n\t\t\t\t\t\t<div class=\"elementor-container elementor-column-gap-default\">\n\t\t\t\t\t<div class=\"has_ae_slider elementor-column elementor-col-50 elementor-inner-column elementor-element elementor-element-5ee861bb ae-bg-gallery-type-default\" data-id=\"5ee861bb\" data-element_type=\"column\">\n\t\t\t<div class=\"elementor-widget-wrap elementor-element-populated\">\n\t\t\t\t\t\t\t\t<div class=\"elementor-element elementor-element-79979b4b elementor-widget elementor-widget-heading\" data-id=\"79979b4b\" data-element_type=\"widget\" data-widget_type=\"heading.default\">\n\t\t\t\t<div class=\"elementor-widget-container\">\n\t\t\t<h2 class=\"elementor-heading-title elementor-size-default\">\u00bfNecesitas ayuda?<\/h2>\t\t<\/div>\n\t\t\t\t<\/div>\n\t\t\t\t<div class=\"elementor-element elementor-element-5e665492 elementor-widget elementor-widget-text-editor\" data-id=\"5e665492\" data-element_type=\"widget\" data-widget_type=\"text-editor.default\">\n\t\t\t\t<div class=\"elementor-widget-container\">\n\t\t\t\t\t\t\t<p>\u00bfSi tienes preguntas o necesitas asesor\u00eda personalizada? Haz clic en nuestro bot\u00f3n de \u00abCont\u00e1ctanos\u00bb y estaremos encantados de ayudarte en todo lo que necesites. \u00a1Escr\u00edbenos ahora mismo!<\/p>\t\t\t\t\t\t<\/div>\n\t\t\t\t<\/div>\n\t\t\t\t<div class=\"elementor-element elementor-element-2fd85411 elementor-widget elementor-widget-heading\" data-id=\"2fd85411\" data-element_type=\"widget\" data-widget_type=\"heading.default\">\n\t\t\t\t<div class=\"elementor-widget-container\">\n\t\t\t<h3 class=\"elementor-heading-title elementor-size-default\">Cont\u00e1ctanos para recibir asesor\u00eda personalizada<\/h3>\t\t<\/div>\n\t\t\t\t<\/div>\n\t\t\t\t<div class=\"elementor-element elementor-element-323fb9c elementor-widget elementor-widget-button\" data-id=\"323fb9c\" data-element_type=\"widget\" data-widget_type=\"button.default\">\n\t\t\t\t<div class=\"elementor-widget-container\">\n\t\t\t\t\t<div class=\"elementor-button-wrapper\">\n\t\t\t<a href=\"#elementor-action%3Aaction%3Dpopup%3Aopen%26settings%3DeyJpZCI6IjkyMSIsInRvZ2dsZSI6ZmFsc2V9\" class=\"elementor-button-link elementor-button elementor-size-sm\" role=\"button\">\n\t\t\t\t\t\t<span class=\"elementor-button-content-wrapper\">\n\t\t\t\t\t\t<span class=\"elementor-button-text\">Cont\u00e1ctanos<\/span>\n\t\t<\/span>\n\t\t\t\t\t<\/a>\n\t\t<\/div>\n\t\t\t\t<\/div>\n\t\t\t\t<\/div>\n\t\t\t\t\t<\/div>\n\t\t<\/div>\n\t\t\t\t<div class=\"has_ae_slider elementor-column elementor-col-50 elementor-inner-column elementor-element elementor-element-1de1a3c ae-bg-gallery-type-default\" data-id=\"1de1a3c\" data-element_type=\"column\">\n\t\t\t<div class=\"elementor-widget-wrap\">\n\t\t\t\t\t\t\t\t\t<\/div>\n\t\t<\/div>\n\t\t\t\t\t\t\t<\/div>\n\t\t<\/section>\n\t\t\t\t\t<\/div>\n\t\t<\/div>\n\t\t\t\t\t\t\t<\/div>\n\t\t<\/section>\n\t\t\t\t\t\t<\/div>\n\t\t\t\t\t<\/div>\n\t\t","protected":false},"excerpt":{"rendered":"<p>Calcular vacaciones laborales a mano es como intentar organizar una boda con post-its y humo de colores.<\/p>\n","protected":false},"author":5,"featured_media":23792,"comment_status":"closed","ping_status":"open","sticky":false,"template":"","format":"standard","meta":[],"categories":[17],"tags":[],"yoast_head":"<!-- This site is optimized with the Yoast SEO plugin v20.4 - https:\/\/yoast.com\/wordpress\/plugins\/seo\/ -->\n<title>Vacaciones laborales: Evita el caos al calcular \/ Software RRHH<\/title>\n<meta name=\"description\" content=\"Calcular vacaciones laborales manualmente es un dolor de cabeza. Descubre c\u00f3mo un software de RRHH como Lince Cloud puede hacerlo por ti.\" \/>\n<meta name=\"robots\" content=\"index, follow, max-snippet:-1, max-image-preview:large, max-video-preview:-1\" \/>\n<link rel=\"canonical\" href=\"https:\/\/www.competencia.com.ec\/corporativo\/vacaciones-laborales-por-que-calcularlas-manualmente-es-un-caos-total\/\" \/>\n<meta property=\"og:locale\" content=\"es_ES\" \/>\n<meta property=\"og:type\" content=\"article\" \/>\n<meta property=\"og:title\" content=\"Vacaciones laborales: Evita el caos al calcular \/ Software RRHH\" \/>\n<meta property=\"og:description\" content=\"Calcular vacaciones laborales manualmente es un dolor de cabeza. Descubre c\u00f3mo un software de RRHH como Lince Cloud puede hacerlo por ti.\" \/>\n<meta property=\"og:url\" content=\"https:\/\/www.competencia.com.ec\/corporativo\/vacaciones-laborales-por-que-calcularlas-manualmente-es-un-caos-total\/\" \/>\n<meta property=\"og:site_name\" content=\"La Competencia S.A\" \/>\n<meta property=\"article:publisher\" content=\"https:\/\/www.facebook.com\/lacompetenciasa\/\" \/>\n<meta property=\"article:published_time\" content=\"2025-04-10T15:25:49+00:00\" \/>\n<meta property=\"article:modified_time\" content=\"2025-04-10T15:25:53+00:00\" \/>\n<meta property=\"og:image\" content=\"https:\/\/www.competencia.com.ec\/corporativo\/wp-content\/uploads\/2025\/03\/Calculo-de-vacaciones.webp\" \/>\n\t<meta property=\"og:image:width\" content=\"1490\" \/>\n\t<meta property=\"og:image:height\" content=\"620\" \/>\n\t<meta property=\"og:image:type\" content=\"image\/webp\" \/>\n<meta name=\"author\" content=\"Janik Herdoiza\" \/>\n<meta name=\"twitter:card\" content=\"summary_large_image\" \/>\n<meta name=\"twitter:label1\" content=\"Escrito por\" \/>\n\t<meta name=\"twitter:data1\" content=\"Janik Herdoiza\" \/>\n<script type=\"application\/ld+json\" class=\"yoast-schema-graph\">{\"@context\":\"https:\/\/schema.org\",\"@graph\":[{\"@type\":\"Article\",\"@id\":\"https:\/\/www.competencia.com.ec\/corporativo\/vacaciones-laborales-por-que-calcularlas-manualmente-es-un-caos-total\/#article\",\"isPartOf\":{\"@id\":\"https:\/\/www.competencia.com.ec\/corporativo\/vacaciones-laborales-por-que-calcularlas-manualmente-es-un-caos-total\/\"},\"author\":{\"name\":\"Janik Herdoiza\",\"@id\":\"https:\/\/www.competencia.com.ec\/corporativo\/#\/schema\/person\/6ef4ba0ab42c516955d5ac35ced5ba1d\"},\"headline\":\"Vacaciones Laborales: Por qu\u00e9 calcularlas manualmente es un caos total\",\"datePublished\":\"2025-04-10T15:25:49+00:00\",\"dateModified\":\"2025-04-10T15:25:53+00:00\",\"mainEntityOfPage\":{\"@id\":\"https:\/\/www.competencia.com.ec\/corporativo\/vacaciones-laborales-por-que-calcularlas-manualmente-es-un-caos-total\/\"},\"wordCount\":925,\"publisher\":{\"@id\":\"https:\/\/www.competencia.com.ec\/corporativo\/#organization\"},\"articleSection\":[\"Tiempo, Asistencia, Gesti\u00f3n y Seguridad\"],\"inLanguage\":\"es\"},{\"@type\":\"WebPage\",\"@id\":\"https:\/\/www.competencia.com.ec\/corporativo\/vacaciones-laborales-por-que-calcularlas-manualmente-es-un-caos-total\/\",\"url\":\"https:\/\/www.competencia.com.ec\/corporativo\/vacaciones-laborales-por-que-calcularlas-manualmente-es-un-caos-total\/\",\"name\":\"Vacaciones laborales: Evita el caos al calcular \/ Software RRHH\",\"isPartOf\":{\"@id\":\"https:\/\/www.competencia.com.ec\/corporativo\/#website\"},\"datePublished\":\"2025-04-10T15:25:49+00:00\",\"dateModified\":\"2025-04-10T15:25:53+00:00\",\"description\":\"Calcular vacaciones laborales manualmente es un dolor de cabeza. Descubre c\u00f3mo un software de RRHH como Lince Cloud puede hacerlo por ti.\",\"breadcrumb\":{\"@id\":\"https:\/\/www.competencia.com.ec\/corporativo\/vacaciones-laborales-por-que-calcularlas-manualmente-es-un-caos-total\/#breadcrumb\"},\"inLanguage\":\"es\",\"potentialAction\":[{\"@type\":\"ReadAction\",\"target\":[\"https:\/\/www.competencia.com.ec\/corporativo\/vacaciones-laborales-por-que-calcularlas-manualmente-es-un-caos-total\/\"]}]},{\"@type\":\"BreadcrumbList\",\"@id\":\"https:\/\/www.competencia.com.ec\/corporativo\/vacaciones-laborales-por-que-calcularlas-manualmente-es-un-caos-total\/#breadcrumb\",\"itemListElement\":[{\"@type\":\"ListItem\",\"position\":1,\"name\":\"Portada\",\"item\":\"https:\/\/www.competencia.com.ec\/corporativo\/\"},{\"@type\":\"ListItem\",\"position\":2,\"name\":\"Tiempo, Asistencia, Gesti\u00f3n y Seguridad\",\"item\":\"https:\/\/www.competencia.com.ec\/corporativo\/category\/tags\/\"},{\"@type\":\"ListItem\",\"position\":3,\"name\":\"Vacaciones Laborales: Por qu\u00e9 calcularlas manualmente es un caos total\"}]},{\"@type\":\"WebSite\",\"@id\":\"https:\/\/www.competencia.com.ec\/corporativo\/#website\",\"url\":\"https:\/\/www.competencia.com.ec\/corporativo\/\",\"name\":\"La Competencia S.A\",\"description\":\"Otro sitio realizado con WordPress\",\"publisher\":{\"@id\":\"https:\/\/www.competencia.com.ec\/corporativo\/#organization\"},\"alternateName\":\"competencia.com.ec\",\"potentialAction\":[{\"@type\":\"SearchAction\",\"target\":{\"@type\":\"EntryPoint\",\"urlTemplate\":\"https:\/\/www.competencia.com.ec\/corporativo\/?s={search_term_string}\"},\"query-input\":\"required name=search_term_string\"}],\"inLanguage\":\"es\"},{\"@type\":\"Organization\",\"@id\":\"https:\/\/www.competencia.com.ec\/corporativo\/#organization\",\"name\":\"LA COMPETENCIA S.A.\",\"alternateName\":\"competencia.com.ec\",\"url\":\"https:\/\/www.competencia.com.ec\/corporativo\/\",\"logo\":{\"@type\":\"ImageObject\",\"inLanguage\":\"es\",\"@id\":\"https:\/\/www.competencia.com.ec\/corporativo\/#\/schema\/logo\/image\/\",\"url\":\"https:\/\/www.competencia.com.ec\/corporativo\/wp-content\/uploads\/2022\/03\/cropped-Logo-horizontal-230x35-1.png\",\"contentUrl\":\"https:\/\/www.competencia.com.ec\/corporativo\/wp-content\/uploads\/2022\/03\/cropped-Logo-horizontal-230x35-1.png\",\"width\":230,\"height\":35,\"caption\":\"LA COMPETENCIA S.A.\"},\"image\":{\"@id\":\"https:\/\/www.competencia.com.ec\/corporativo\/#\/schema\/logo\/image\/\"},\"sameAs\":[\"https:\/\/www.facebook.com\/lacompetenciasa\/\"]},{\"@type\":\"Person\",\"@id\":\"https:\/\/www.competencia.com.ec\/corporativo\/#\/schema\/person\/6ef4ba0ab42c516955d5ac35ced5ba1d\",\"name\":\"Janik Herdoiza\",\"image\":{\"@type\":\"ImageObject\",\"inLanguage\":\"es\",\"@id\":\"https:\/\/www.competencia.com.ec\/corporativo\/#\/schema\/person\/image\/\",\"url\":\"https:\/\/www.competencia.com.ec\/corporativo\/wp-content\/uploads\/2023\/08\/Foto-perfil-user-janik-640x640.jpg\",\"contentUrl\":\"https:\/\/www.competencia.com.ec\/corporativo\/wp-content\/uploads\/2023\/08\/Foto-perfil-user-janik-640x640.jpg\",\"caption\":\"Janik Herdoiza\"},\"description\":\"Experiencia en el \u00c1rea Comercial por 30 a\u00f1os en el cual he aprendido y adquirido conocimiento en asesorar a mis clientes y dar soluciones pr\u00e1cticas bajo el producto que ofrezco, he logrado tener una base s\u00f3lida de clientes que con el transcurso de los a\u00f1os me han recomendado y les he podido seguir sirviendo.\",\"sameAs\":[\"https:\/\/www.competencia.com.ec\/corporativo\/janik-herdoiza\/\",\"https:\/\/www.linkedin.com\/in\/janik-herdoiza\/\"]}]}<\/script>\n<!-- \/ Yoast SEO plugin. -->","yoast_head_json":{"title":"Vacaciones laborales: Evita el caos al calcular \/ Software RRHH","description":"Calcular vacaciones laborales manualmente es un dolor de cabeza. Descubre c\u00f3mo un software de RRHH como Lince Cloud puede hacerlo por ti.","robots":{"index":"index","follow":"follow","max-snippet":"max-snippet:-1","max-image-preview":"max-image-preview:large","max-video-preview":"max-video-preview:-1"},"canonical":"https:\/\/www.competencia.com.ec\/corporativo\/vacaciones-laborales-por-que-calcularlas-manualmente-es-un-caos-total\/","og_locale":"es_ES","og_type":"article","og_title":"Vacaciones laborales: Evita el caos al calcular \/ Software RRHH","og_description":"Calcular vacaciones laborales manualmente es un dolor de cabeza. Descubre c\u00f3mo un software de RRHH como Lince Cloud puede hacerlo por ti.","og_url":"https:\/\/www.competencia.com.ec\/corporativo\/vacaciones-laborales-por-que-calcularlas-manualmente-es-un-caos-total\/","og_site_name":"La Competencia S.A","article_publisher":"https:\/\/www.facebook.com\/lacompetenciasa\/","article_published_time":"2025-04-10T15:25:49+00:00","article_modified_time":"2025-04-10T15:25:53+00:00","og_image":[{"width":1490,"height":620,"url":"https:\/\/www.competencia.com.ec\/corporativo\/wp-content\/uploads\/2025\/03\/Calculo-de-vacaciones.webp","type":"image\/webp"}],"author":"Janik Herdoiza","twitter_card":"summary_large_image","twitter_misc":{"Escrito por":"Janik Herdoiza"},"schema":{"@context":"https:\/\/schema.org","@graph":[{"@type":"Article","@id":"https:\/\/www.competencia.com.ec\/corporativo\/vacaciones-laborales-por-que-calcularlas-manualmente-es-un-caos-total\/#article","isPartOf":{"@id":"https:\/\/www.competencia.com.ec\/corporativo\/vacaciones-laborales-por-que-calcularlas-manualmente-es-un-caos-total\/"},"author":{"name":"Janik Herdoiza","@id":"https:\/\/www.competencia.com.ec\/corporativo\/#\/schema\/person\/6ef4ba0ab42c516955d5ac35ced5ba1d"},"headline":"Vacaciones Laborales: Por qu\u00e9 calcularlas manualmente es un caos total","datePublished":"2025-04-10T15:25:49+00:00","dateModified":"2025-04-10T15:25:53+00:00","mainEntityOfPage":{"@id":"https:\/\/www.competencia.com.ec\/corporativo\/vacaciones-laborales-por-que-calcularlas-manualmente-es-un-caos-total\/"},"wordCount":925,"publisher":{"@id":"https:\/\/www.competencia.com.ec\/corporativo\/#organization"},"articleSection":["Tiempo, Asistencia, Gesti\u00f3n y Seguridad"],"inLanguage":"es"},{"@type":"WebPage","@id":"https:\/\/www.competencia.com.ec\/corporativo\/vacaciones-laborales-por-que-calcularlas-manualmente-es-un-caos-total\/","url":"https:\/\/www.competencia.com.ec\/corporativo\/vacaciones-laborales-por-que-calcularlas-manualmente-es-un-caos-total\/","name":"Vacaciones laborales: Evita el caos al calcular \/ Software RRHH","isPartOf":{"@id":"https:\/\/www.competencia.com.ec\/corporativo\/#website"},"datePublished":"2025-04-10T15:25:49+00:00","dateModified":"2025-04-10T15:25:53+00:00","description":"Calcular vacaciones laborales manualmente es un dolor de cabeza. Descubre c\u00f3mo un software de RRHH como Lince Cloud puede hacerlo por ti.","breadcrumb":{"@id":"https:\/\/www.competencia.com.ec\/corporativo\/vacaciones-laborales-por-que-calcularlas-manualmente-es-un-caos-total\/#breadcrumb"},"inLanguage":"es","potentialAction":[{"@type":"ReadAction","target":["https:\/\/www.competencia.com.ec\/corporativo\/vacaciones-laborales-por-que-calcularlas-manualmente-es-un-caos-total\/"]}]},{"@type":"BreadcrumbList","@id":"https:\/\/www.competencia.com.ec\/corporativo\/vacaciones-laborales-por-que-calcularlas-manualmente-es-un-caos-total\/#breadcrumb","itemListElement":[{"@type":"ListItem","position":1,"name":"Portada","item":"https:\/\/www.competencia.com.ec\/corporativo\/"},{"@type":"ListItem","position":2,"name":"Tiempo, Asistencia, Gesti\u00f3n y Seguridad","item":"https:\/\/www.competencia.com.ec\/corporativo\/category\/tags\/"},{"@type":"ListItem","position":3,"name":"Vacaciones Laborales: Por qu\u00e9 calcularlas manualmente es un caos total"}]},{"@type":"WebSite","@id":"https:\/\/www.competencia.com.ec\/corporativo\/#website","url":"https:\/\/www.competencia.com.ec\/corporativo\/","name":"La Competencia S.A","description":"Otro sitio realizado con WordPress","publisher":{"@id":"https:\/\/www.competencia.com.ec\/corporativo\/#organization"},"alternateName":"competencia.com.ec","potentialAction":[{"@type":"SearchAction","target":{"@type":"EntryPoint","urlTemplate":"https:\/\/www.competencia.com.ec\/corporativo\/?s={search_term_string}"},"query-input":"required name=search_term_string"}],"inLanguage":"es"},{"@type":"Organization","@id":"https:\/\/www.competencia.com.ec\/corporativo\/#organization","name":"LA COMPETENCIA S.A.","alternateName":"competencia.com.ec","url":"https:\/\/www.competencia.com.ec\/corporativo\/","logo":{"@type":"ImageObject","inLanguage":"es","@id":"https:\/\/www.competencia.com.ec\/corporativo\/#\/schema\/logo\/image\/","url":"https:\/\/www.competencia.com.ec\/corporativo\/wp-content\/uploads\/2022\/03\/cropped-Logo-horizontal-230x35-1.png","contentUrl":"https:\/\/www.competencia.com.ec\/corporativo\/wp-content\/uploads\/2022\/03\/cropped-Logo-horizontal-230x35-1.png","width":230,"height":35,"caption":"LA COMPETENCIA S.A."},"image":{"@id":"https:\/\/www.competencia.com.ec\/corporativo\/#\/schema\/logo\/image\/"},"sameAs":["https:\/\/www.facebook.com\/lacompetenciasa\/"]},{"@type":"Person","@id":"https:\/\/www.competencia.com.ec\/corporativo\/#\/schema\/person\/6ef4ba0ab42c516955d5ac35ced5ba1d","name":"Janik Herdoiza","image":{"@type":"ImageObject","inLanguage":"es","@id":"https:\/\/www.competencia.com.ec\/corporativo\/#\/schema\/person\/image\/","url":"https:\/\/www.competencia.com.ec\/corporativo\/wp-content\/uploads\/2023\/08\/Foto-perfil-user-janik-640x640.jpg","contentUrl":"https:\/\/www.competencia.com.ec\/corporativo\/wp-content\/uploads\/2023\/08\/Foto-perfil-user-janik-640x640.jpg","caption":"Janik Herdoiza"},"description":"Experiencia en el \u00c1rea Comercial por 30 a\u00f1os en el cual he aprendido y adquirido conocimiento en asesorar a mis clientes y dar soluciones pr\u00e1cticas bajo el producto que ofrezco, he logrado tener una base s\u00f3lida de clientes que con el transcurso de los a\u00f1os me han recomendado y les he podido seguir sirviendo.","sameAs":["https:\/\/www.competencia.com.ec\/corporativo\/janik-herdoiza\/","https:\/\/www.linkedin.com\/in\/janik-herdoiza\/"]}]}},"_links":{"self":[{"href":"https:\/\/www.competencia.com.ec\/corporativo\/wp-json\/wp\/v2\/posts\/23778"}],"collection":[{"href":"https:\/\/www.competencia.com.ec\/corporativo\/wp-json\/wp\/v2\/posts"}],"about":[{"href":"https:\/\/www.competencia.com.ec\/corporativo\/wp-json\/wp\/v2\/types\/post"}],"author":[{"embeddable":true,"href":"https:\/\/www.competencia.com.ec\/corporativo\/wp-json\/wp\/v2\/users\/5"}],"replies":[{"embeddable":true,"href":"https:\/\/www.competencia.com.ec\/corporativo\/wp-json\/wp\/v2\/comments?post=23778"}],"version-history":[{"count":15,"href":"https:\/\/www.competencia.com.ec\/corporativo\/wp-json\/wp\/v2\/posts\/23778\/revisions"}],"predecessor-version":[{"id":23795,"href":"https:\/\/www.competencia.com.ec\/corporativo\/wp-json\/wp\/v2\/posts\/23778\/revisions\/23795"}],"wp:featuredmedia":[{"embeddable":true,"href":"https:\/\/www.competencia.com.ec\/corporativo\/wp-json\/wp\/v2\/media\/23792"}],"wp:attachment":[{"href":"https:\/\/www.competencia.com.ec\/corporativo\/wp-json\/wp\/v2\/media?parent=23778"}],"wp:term":[{"taxonomy":"category","embeddable":true,"href":"https:\/\/www.competencia.com.ec\/corporativo\/wp-json\/wp\/v2\/categories?post=23778"},{"taxonomy":"post_tag","embeddable":true,"href":"https:\/\/www.competencia.com.ec\/corporativo\/wp-json\/wp\/v2\/tags?post=23778"}],"curies":[{"name":"wp","href":"https:\/\/api.w.org\/{rel}","templated":true}]}}