{"id":23911,"date":"2025-04-14T09:30:00","date_gmt":"2025-04-14T14:30:00","guid":{"rendered":"https:\/\/www.competencia.com.ec\/corporativo\/?p=23911"},"modified":"2025-04-14T10:31:03","modified_gmt":"2025-04-14T15:31:03","slug":"sistema-de-conteo-de-personas-en-centros-comerciales-de-ecuador","status":"publish","type":"post","link":"https:\/\/www.competencia.com.ec\/corporativo\/sistema-de-conteo-de-personas-en-centros-comerciales-de-ecuador\/","title":{"rendered":"Sistema de conteo de personas en centros comerciales de Ecuador"},"content":{"rendered":"\t\t<div data-elementor-type=\"wp-post\" data-elementor-id=\"23911\" class=\"elementor elementor-23911\" data-elementor-settings=\"[]\">\n\t\t\t\t\t\t\t<div class=\"elementor-section-wrap\">\n\t\t\t\t\t\t\t<section class=\"has_ae_slider elementor-section elementor-top-section elementor-element elementor-element-3592d4f elementor-section-boxed elementor-section-height-default elementor-section-height-default wpr-particle-no wpr-jarallax-no wpr-parallax-no wpr-sticky-section-no ae-bg-gallery-type-default\" data-id=\"3592d4f\" data-element_type=\"section\">\n\t\t\t\t\t\t<div class=\"elementor-container elementor-column-gap-default\">\n\t\t\t\t\t<div class=\"has_ae_slider elementor-column elementor-col-100 elementor-top-column elementor-element elementor-element-e1ce62c ae-bg-gallery-type-default\" data-id=\"e1ce62c\" data-element_type=\"column\">\n\t\t\t<div class=\"elementor-widget-wrap elementor-element-populated\">\n\t\t\t\t\t\t\t\t<section class=\"has_ae_slider elementor-section elementor-inner-section elementor-element elementor-element-db5eb4e elementor-section-boxed elementor-section-height-default elementor-section-height-default wpr-particle-no wpr-jarallax-no wpr-parallax-no wpr-sticky-section-no ae-bg-gallery-type-default\" data-id=\"db5eb4e\" data-element_type=\"section\">\n\t\t\t\t\t\t<div class=\"elementor-container elementor-column-gap-default\">\n\t\t\t\t\t<div class=\"has_ae_slider elementor-column elementor-col-100 elementor-inner-column elementor-element elementor-element-aa761c7 ae-bg-gallery-type-default\" data-id=\"aa761c7\" data-element_type=\"column\">\n\t\t\t<div class=\"elementor-widget-wrap elementor-element-populated\">\n\t\t\t\t\t\t\t\t<div class=\"elementor-element elementor-element-9e3890c elementor-widget elementor-widget-text-editor\" data-id=\"9e3890c\" data-element_type=\"widget\" data-widget_type=\"text-editor.default\">\n\t\t\t\t<div class=\"elementor-widget-container\">\n\t\t\t<style>\/*! elementor - v3.5.6 - 28-02-2022 *\/\n.elementor-widget-text-editor.elementor-drop-cap-view-stacked .elementor-drop-cap{background-color:#818a91;color:#fff}.elementor-widget-text-editor.elementor-drop-cap-view-framed .elementor-drop-cap{color:#818a91;border:3px solid;background-color:transparent}.elementor-widget-text-editor:not(.elementor-drop-cap-view-default) .elementor-drop-cap{margin-top:8px}.elementor-widget-text-editor:not(.elementor-drop-cap-view-default) .elementor-drop-cap-letter{width:1em;height:1em}.elementor-widget-text-editor .elementor-drop-cap{float:left;text-align:center;line-height:1;font-size:50px}.elementor-widget-text-editor .elementor-drop-cap-letter{display:inline-block}<\/style>\t\t\t\t<p>Implementar un <strong>sistema de conteo de personas<\/strong> en centros comerciales ecuatorianos se ha vuelto clave para mejorar la <strong>seguridad<\/strong>, la <strong>planificaci\u00f3n de eventos<\/strong> y la <strong>gesti\u00f3n del flujo de visitantes<\/strong>. Estas tecnolog\u00edas permiten tomar decisiones estrat\u00e9gicas basadas en datos, optimizando la experiencia del cliente y las operaciones internas.<\/p>\n\t\t\t\t\t\t<\/div>\n\t\t\t\t<\/div>\n\t\t\t\t\t<\/div>\n\t\t<\/div>\n\t\t\t\t\t\t\t<\/div>\n\t\t<\/section>\n\t\t\t\t<section class=\"has_ae_slider elementor-section elementor-inner-section elementor-element elementor-element-4bd62f4 elementor-section-boxed elementor-section-height-default elementor-section-height-default wpr-particle-no wpr-jarallax-no wpr-parallax-no wpr-sticky-section-no ae-bg-gallery-type-default\" data-id=\"4bd62f4\" data-element_type=\"section\">\n\t\t\t\t\t\t<div class=\"elementor-container elementor-column-gap-default\">\n\t\t\t\t\t<div class=\"has_ae_slider elementor-column elementor-col-100 elementor-inner-column elementor-element elementor-element-35959d5 ae-bg-gallery-type-default\" data-id=\"35959d5\" data-element_type=\"column\">\n\t\t\t<div class=\"elementor-widget-wrap elementor-element-populated\">\n\t\t\t\t\t\t\t\t<div class=\"elementor-element elementor-element-7fb6760 elementor-widget elementor-widget-text-editor\" data-id=\"7fb6760\" data-element_type=\"widget\" data-widget_type=\"text-editor.default\">\n\t\t\t\t<div class=\"elementor-widget-container\">\n\t\t\t\t\t\t\t<h2>\u00bfQu\u00e9 es un sistema de conteo de personas?<\/h2>\n<p>Un <strong>sistema de conteo de personas<\/strong> es una soluci\u00f3n tecnol\u00f3gica que registra en tiempo real cu\u00e1ntas personas entran y salen de un espacio determinado. Utiliza sensores, c\u00e1maras y software de an\u00e1lisis para ofrecer informaci\u00f3n precisa sobre el <strong>aforo<\/strong> y el <strong>comportamiento del p\u00fablico<\/strong>.<\/p>\t\t\t\t\t\t<\/div>\n\t\t\t\t<\/div>\n\t\t\t\t\t<\/div>\n\t\t<\/div>\n\t\t\t\t\t\t\t<\/div>\n\t\t<\/section>\n\t\t\t\t<section class=\"has_ae_slider elementor-section elementor-inner-section elementor-element elementor-element-58a885d elementor-section-boxed elementor-section-height-default elementor-section-height-default wpr-particle-no wpr-jarallax-no wpr-parallax-no wpr-sticky-section-no ae-bg-gallery-type-default\" data-id=\"58a885d\" data-element_type=\"section\">\n\t\t\t\t\t\t<div class=\"elementor-container elementor-column-gap-default\">\n\t\t\t\t\t<div class=\"has_ae_slider elementor-column elementor-col-100 elementor-inner-column elementor-element elementor-element-b117640 ae-bg-gallery-type-default\" data-id=\"b117640\" data-element_type=\"column\">\n\t\t\t<div class=\"elementor-widget-wrap elementor-element-populated\">\n\t\t\t\t\t\t\t\t<div class=\"elementor-element elementor-element-205e759 elementor-widget elementor-widget-text-editor\" data-id=\"205e759\" data-element_type=\"widget\" data-widget_type=\"text-editor.default\">\n\t\t\t\t<div class=\"elementor-widget-container\">\n\t\t\t\t\t\t\t<h2>Importancia de estas soluciones en el contexto ecuatoriano<\/h2>\n<p>En Ecuador, centros comerciales en ciudades como Quito, Guayaquil o Cuenca est\u00e1n implementando sistemas de conteo para:<\/p>\n<ul>\n    <li>Cumplir normativas de aforo.<\/li>\n    <li>Gestionar el flujo de personas en horas pico.<\/li>\n    <li>Mejorar la experiencia del visitante con espacios menos congestionados.<\/li>\n    <li>Planificar eventos comerciales con base en datos reales.<\/li>\n<\/ul>\t\t\t\t\t\t<\/div>\n\t\t\t\t<\/div>\n\t\t\t\t\t<\/div>\n\t\t<\/div>\n\t\t\t\t\t\t\t<\/div>\n\t\t<\/section>\n\t\t\t\t<section class=\"has_ae_slider elementor-section elementor-inner-section elementor-element elementor-element-1f5e3ad elementor-section-boxed elementor-section-height-default elementor-section-height-default wpr-particle-no wpr-jarallax-no wpr-parallax-no wpr-sticky-section-no ae-bg-gallery-type-default\" data-id=\"1f5e3ad\" data-element_type=\"section\">\n\t\t\t\t\t\t<div class=\"elementor-container elementor-column-gap-default\">\n\t\t\t\t\t<div class=\"has_ae_slider elementor-column elementor-col-100 elementor-inner-column elementor-element elementor-element-582168f ae-bg-gallery-type-default\" data-id=\"582168f\" data-element_type=\"column\">\n\t\t\t<div class=\"elementor-widget-wrap elementor-element-populated\">\n\t\t\t\t\t\t\t\t<div class=\"elementor-element elementor-element-0f6fc3c elementor-widget elementor-widget-text-editor\" data-id=\"0f6fc3c\" data-element_type=\"widget\" data-widget_type=\"text-editor.default\">\n\t\t\t\t<div class=\"elementor-widget-container\">\n\t\t\t\t\t\t\t<h2>Beneficios de un sistema de conteo de personas<\/h2>\n\n<h3>1. Gesti\u00f3n eficiente del flujo de personas<\/h3>\n<p>Conocer en tiempo real la cantidad de personas dentro del centro comercial permite tomar decisiones como abrir m\u00e1s accesos, activar ventilaci\u00f3n adicional o redirigir flujos para evitar aglomeraciones.<\/p>\n\n<h3>2. Seguridad en centros comerciales<\/h3>\n<p>Ante situaciones de emergencia, un <strong>sistema de conteo de personas<\/strong> permite actuar con rapidez, sabiendo cu\u00e1ntas personas est\u00e1n en el recinto y en qu\u00e9 zonas se concentran. Adem\u00e1s, ayuda a cumplir con regulaciones de seguridad y evacuaci\u00f3n.<\/p>\n\n<h3>3. Toma de decisiones basada en datos<\/h3>\n<p>Los gerentes pueden analizar patrones de comportamiento por d\u00eda, semana o temporada, lo que facilita:<\/p>\n<ul>\n    <li>La planificaci\u00f3n de promociones.<\/li>\n    <li>La asignaci\u00f3n de personal de seguridad o limpieza.<\/li>\n    <li>La evaluaci\u00f3n del rendimiento de eventos comerciales.<\/li>\n<\/ul>\n\n<h3>4. Mejora de la experiencia del cliente<\/h3>\n<p>Menor tiempo de espera, menos aglomeraciones y espacios ventilados mejoran la comodidad de los visitantes. Esto se traduce en estad\u00edas m\u00e1s largas y mayor intenci\u00f3n de compra.<\/p>\t\t\t\t\t\t<\/div>\n\t\t\t\t<\/div>\n\t\t\t\t\t<\/div>\n\t\t<\/div>\n\t\t\t\t\t\t\t<\/div>\n\t\t<\/section>\n\t\t\t\t<section class=\"has_ae_slider elementor-section elementor-inner-section elementor-element elementor-element-6fd939b elementor-section-boxed elementor-section-height-default elementor-section-height-default wpr-particle-no wpr-jarallax-no wpr-parallax-no wpr-sticky-section-no ae-bg-gallery-type-default\" data-id=\"6fd939b\" data-element_type=\"section\">\n\t\t\t\t\t\t<div class=\"elementor-container elementor-column-gap-default\">\n\t\t\t\t\t<div class=\"has_ae_slider elementor-column elementor-col-100 elementor-inner-column elementor-element elementor-element-832eecb ae-bg-gallery-type-default\" data-id=\"832eecb\" data-element_type=\"column\">\n\t\t\t<div class=\"elementor-widget-wrap elementor-element-populated\">\n\t\t\t\t\t\t\t\t<div class=\"elementor-element elementor-element-7b3cc92 elementor-widget elementor-widget-text-editor\" data-id=\"7b3cc92\" data-element_type=\"widget\" data-widget_type=\"text-editor.default\">\n\t\t\t\t<div class=\"elementor-widget-container\">\n\t\t\t\t\t\t\t\n<h2>Aplicaciones en centros comerciales de Ecuador<\/h2>\n<p>Algunos malls del pa\u00eds ya han comenzado a usar estos sistemas. Por ejemplo:<\/p>\n<ul>\n    <li><strong>Centros comerciales en Quito<\/strong> controlan aforos especialmente durante ferias y temporadas altas.<\/li>\n    <li><strong>Guayaquil<\/strong> ha implementado sensores en entradas y salidas para gestionar el flujo continuo en grandes espacios.<\/li>\n    <li><strong>En Cuenca<\/strong>, estos sistemas apoyan la seguridad durante eventos masivos o festividades locales.<\/li>\n<\/ul>\n\t\t\t\t\t\t<\/div>\n\t\t\t\t<\/div>\n\t\t\t\t\t<\/div>\n\t\t<\/div>\n\t\t\t\t\t\t\t<\/div>\n\t\t<\/section>\n\t\t\t\t<section class=\"has_ae_slider elementor-section elementor-inner-section elementor-element elementor-element-0622842 elementor-section-boxed elementor-section-height-default elementor-section-height-default wpr-particle-no wpr-jarallax-no wpr-parallax-no wpr-sticky-section-no ae-bg-gallery-type-default\" data-id=\"0622842\" data-element_type=\"section\">\n\t\t\t\t\t\t<div class=\"elementor-container elementor-column-gap-default\">\n\t\t\t\t\t<div class=\"has_ae_slider elementor-column elementor-col-100 elementor-inner-column elementor-element elementor-element-10cb840 ae-bg-gallery-type-default\" data-id=\"10cb840\" data-element_type=\"column\">\n\t\t\t<div class=\"elementor-widget-wrap elementor-element-populated\">\n\t\t\t\t\t\t\t\t<div class=\"elementor-element elementor-element-a732776 elementor-widget elementor-widget-text-editor\" data-id=\"a732776\" data-element_type=\"widget\" data-widget_type=\"text-editor.default\">\n\t\t\t\t<div class=\"elementor-widget-container\">\n\t\t\t\t\t\t\t<h2>\u00bfC\u00f3mo funcionan los sistemas de conteo?<\/h2>\n<p>Existen varios tipos de tecnolog\u00eda empleada:<\/p>\n<ul>\n    <li><strong>Sensores infrarrojos:<\/strong> Cuentan entradas y salidas con alta precisi\u00f3n.<\/li>\n    <li><strong>C\u00e1maras 3D o t\u00e9rmicas:<\/strong> Distinguen personas y evitan contar objetos o reflejos.<\/li>\n    <li><strong>Software de an\u00e1lisis:<\/strong> Presenta los datos en paneles de control y genera reportes autom\u00e1ticos.<\/li>\n<\/ul>\t\t\t\t\t\t<\/div>\n\t\t\t\t<\/div>\n\t\t\t\t\t<\/div>\n\t\t<\/div>\n\t\t\t\t\t\t\t<\/div>\n\t\t<\/section>\n\t\t\t\t<section class=\"has_ae_slider elementor-section elementor-inner-section elementor-element elementor-element-d883ffe elementor-section-boxed elementor-section-height-default elementor-section-height-default wpr-particle-no wpr-jarallax-no wpr-parallax-no wpr-sticky-section-no ae-bg-gallery-type-default\" data-id=\"d883ffe\" data-element_type=\"section\">\n\t\t\t\t\t\t<div class=\"elementor-container elementor-column-gap-default\">\n\t\t\t\t\t<div class=\"has_ae_slider elementor-column elementor-col-100 elementor-inner-column elementor-element elementor-element-6905a82 ae-bg-gallery-type-default\" data-id=\"6905a82\" data-element_type=\"column\">\n\t\t\t<div class=\"elementor-widget-wrap elementor-element-populated\">\n\t\t\t\t\t\t\t\t<div class=\"elementor-element elementor-element-2b7e053 elementor-widget elementor-widget-text-editor\" data-id=\"2b7e053\" data-element_type=\"widget\" data-widget_type=\"text-editor.default\">\n\t\t\t\t<div class=\"elementor-widget-container\">\n\t\t\t\t\t\t\t<h2>Planificaci\u00f3n de eventos basada en conteo de personas<\/h2>\n<p>Con un <strong>sistema de conteo de personas<\/strong>, los centros comerciales pueden:<\/p>\n<ul>\n    <li>Determinar los mejores horarios para eventos.<\/li>\n    <li>Asignar recursos como promotores, personal de limpieza y seguridad.<\/li>\n    <li>Medir el \u00e9xito de cada actividad mediante el n\u00famero de asistentes.<\/li>\n<\/ul>\t\t\t\t\t\t<\/div>\n\t\t\t\t<\/div>\n\t\t\t\t\t<\/div>\n\t\t<\/div>\n\t\t\t\t\t\t\t<\/div>\n\t\t<\/section>\n\t\t\t\t<section class=\"has_ae_slider elementor-section elementor-inner-section elementor-element elementor-element-5a6b73a elementor-section-boxed elementor-section-height-default elementor-section-height-default wpr-particle-no wpr-jarallax-no wpr-parallax-no wpr-sticky-section-no ae-bg-gallery-type-default\" data-id=\"5a6b73a\" data-element_type=\"section\">\n\t\t\t\t\t\t<div class=\"elementor-container elementor-column-gap-default\">\n\t\t\t\t\t<div class=\"has_ae_slider elementor-column elementor-col-100 elementor-inner-column elementor-element elementor-element-07cd829 ae-bg-gallery-type-default\" data-id=\"07cd829\" data-element_type=\"column\">\n\t\t\t<div class=\"elementor-widget-wrap elementor-element-populated\">\n\t\t\t\t\t\t\t\t<div class=\"elementor-element elementor-element-7de61e4 elementor-widget elementor-widget-text-editor\" data-id=\"7de61e4\" data-element_type=\"widget\" data-widget_type=\"text-editor.default\">\n\t\t\t\t<div class=\"elementor-widget-container\">\n\t\t\t\t\t\t\t<h2>Ventajas competitivas para los centros comerciales<\/h2>\n<p>Contar con tecnolog\u00eda de conteo posiciona a los malls ecuatorianos como espacios modernos, seguros y bien organizados. Esto es especialmente valioso para atraer marcas, franquicias y eventos de alto nivel.<\/p>\n\t\t\t\t\t\t<\/div>\n\t\t\t\t<\/div>\n\t\t\t\t\t<\/div>\n\t\t<\/div>\n\t\t\t\t\t\t\t<\/div>\n\t\t<\/section>\n\t\t\t\t<section class=\"has_ae_slider elementor-section elementor-inner-section elementor-element elementor-element-8d233eb elementor-section-boxed elementor-section-height-default elementor-section-height-default wpr-particle-no wpr-jarallax-no wpr-parallax-no wpr-sticky-section-no ae-bg-gallery-type-default\" data-id=\"8d233eb\" data-element_type=\"section\">\n\t\t\t\t\t\t<div class=\"elementor-container elementor-column-gap-default\">\n\t\t\t\t\t<div class=\"has_ae_slider elementor-column elementor-col-100 elementor-inner-column elementor-element elementor-element-f989ab9 ae-bg-gallery-type-default\" data-id=\"f989ab9\" data-element_type=\"column\">\n\t\t\t<div class=\"elementor-widget-wrap elementor-element-populated\">\n\t\t\t\t\t\t\t\t<div class=\"elementor-element elementor-element-c691896 elementor-widget elementor-widget-text-editor\" data-id=\"c691896\" data-element_type=\"widget\" data-widget_type=\"text-editor.default\">\n\t\t\t\t<div class=\"elementor-widget-container\">\n\t\t\t\t\t\t\t<h2>Integraci\u00f3n con otras soluciones tecnol\u00f3gicas<\/h2>\n<p>Estos sistemas pueden integrarse con:<\/p>\n<ul>\n    <li><strong>C\u00e1maras de seguridad<\/strong> para vigilancia avanzada.<\/li>\n    <li><strong>Sistemas HVAC<\/strong> para adaptar la ventilaci\u00f3n al n\u00famero de personas.<\/li>\n    <li><strong>Plataformas de marketing digital<\/strong> que activan promociones seg\u00fan la afluencia.<\/li>\n<\/ul>\t\t\t\t\t\t<\/div>\n\t\t\t\t<\/div>\n\t\t\t\t\t<\/div>\n\t\t<\/div>\n\t\t\t\t\t\t\t<\/div>\n\t\t<\/section>\n\t\t\t\t<section class=\"has_ae_slider elementor-section elementor-inner-section elementor-element elementor-element-1a54af8 elementor-section-boxed elementor-section-height-default elementor-section-height-default wpr-particle-no wpr-jarallax-no wpr-parallax-no wpr-sticky-section-no ae-bg-gallery-type-default\" data-id=\"1a54af8\" data-element_type=\"section\">\n\t\t\t\t\t\t<div class=\"elementor-container elementor-column-gap-default\">\n\t\t\t\t\t<div class=\"has_ae_slider elementor-column elementor-col-100 elementor-inner-column elementor-element elementor-element-f26101d ae-bg-gallery-type-default\" data-id=\"f26101d\" data-element_type=\"column\">\n\t\t\t<div class=\"elementor-widget-wrap elementor-element-populated\">\n\t\t\t\t\t\t\t\t<div class=\"elementor-element elementor-element-d1fb307 elementor-widget elementor-widget-text-editor\" data-id=\"d1fb307\" data-element_type=\"widget\" data-widget_type=\"text-editor.default\">\n\t\t\t\t<div class=\"elementor-widget-container\">\n\t\t\t\t\t\t\t<h2>Retos y consideraciones para su implementaci\u00f3n<\/h2>\n<p>Al implementar un <strong>sistema de conteo de personas<\/strong> es importante considerar:<\/p>\n<ul>\n    <li>Ubicaci\u00f3n estrat\u00e9gica de sensores o c\u00e1maras.<\/li>\n    <li>Capacitaci\u00f3n del personal para usar los reportes.<\/li>\n    <li>Protecci\u00f3n de datos y privacidad del visitante.<\/li>\n<\/ul>\n\t\t\t\t\t\t<\/div>\n\t\t\t\t<\/div>\n\t\t\t\t\t<\/div>\n\t\t<\/div>\n\t\t\t\t\t\t\t<\/div>\n\t\t<\/section>\n\t\t\t\t<section class=\"has_ae_slider elementor-section elementor-inner-section elementor-element elementor-element-ac3adae elementor-section-boxed elementor-section-height-default elementor-section-height-default wpr-particle-no wpr-jarallax-no wpr-parallax-no wpr-sticky-section-no ae-bg-gallery-type-default\" data-id=\"ac3adae\" data-element_type=\"section\">\n\t\t\t\t\t\t<div class=\"elementor-container elementor-column-gap-default\">\n\t\t\t\t\t<div class=\"has_ae_slider elementor-column elementor-col-100 elementor-inner-column elementor-element elementor-element-98c5a18 ae-bg-gallery-type-default\" data-id=\"98c5a18\" data-element_type=\"column\">\n\t\t\t<div class=\"elementor-widget-wrap elementor-element-populated\">\n\t\t\t\t\t\t\t\t<div class=\"elementor-element elementor-element-9e8ef35 elementor-widget elementor-widget-text-editor\" data-id=\"9e8ef35\" data-element_type=\"widget\" data-widget_type=\"text-editor.default\">\n\t\t\t\t<div class=\"elementor-widget-container\">\n\t\t\t\t\t\t\t<h2>Conclusi\u00f3n<\/h2>\n<p>La adopci\u00f3n de un <strong>sistema de conteo de personas<\/strong> representa una ventaja estrat\u00e9gica para los centros comerciales en Ecuador. Mejora la seguridad, permite planificar con inteligencia y eleva la experiencia del cliente. Es una inversi\u00f3n clave para centros que buscan mantenerse competitivos y alineados con las tendencias tecnol\u00f3gicas actuales.<\/p>\n\n\t\t\t\t\t\t<\/div>\n\t\t\t\t<\/div>\n\t\t\t\t\t<\/div>\n\t\t<\/div>\n\t\t\t\t\t\t\t<\/div>\n\t\t<\/section>\n\t\t\t\t<section class=\"has_ae_slider elementor-section elementor-inner-section elementor-element elementor-element-5225f7f elementor-section-boxed elementor-section-height-default elementor-section-height-default wpr-particle-no wpr-jarallax-no wpr-parallax-no wpr-sticky-section-no ae-bg-gallery-type-default\" data-id=\"5225f7f\" data-element_type=\"section\">\n\t\t\t\t\t\t<div class=\"elementor-container elementor-column-gap-default\">\n\t\t\t\t\t<div class=\"has_ae_slider elementor-column elementor-col-100 elementor-inner-column elementor-element elementor-element-e1ca620 ae-bg-gallery-type-default\" data-id=\"e1ca620\" data-element_type=\"column\">\n\t\t\t<div class=\"elementor-widget-wrap elementor-element-populated\">\n\t\t\t\t\t\t\t\t<div class=\"elementor-element elementor-element-7552658 elementor-widget elementor-widget-text-editor\" data-id=\"7552658\" data-element_type=\"widget\" data-widget_type=\"text-editor.default\">\n\t\t\t\t<div class=\"elementor-widget-container\">\n\t\t\t\t\t\t\t<h2>Preguntas frecuentes<\/h2>\n<h3>\u00bfUn sistema de conteo de personas es costoso?<\/h3>\n<p>Hay opciones para diferentes presupuestos, desde sensores b\u00e1sicos hasta soluciones completas con an\u00e1lisis en la nube.<\/p>\n\n<h3>\u00bfSe puede implementar en centros comerciales peque\u00f1os?<\/h3>\n<p>S\u00ed, los sistemas son escalables y se pueden adaptar a espacios de cualquier tama\u00f1o.<\/p>\n\n<h3>\u00bfD\u00f3nde conseguir estos sistemas en Ecuador?<\/h3>\n<p>Empresas como <a href=\"https:\/\/www.competencia.com.ec\/corporativo\/conteo-de-personas\/\" target=\"_blank\">Competencia<\/a> ofrecen soluciones especializadas en conteo y an\u00e1lisis de aforo para centros comerciales y espacios p\u00fablicos.<\/p>\n\t\t\t\t\t\t<\/div>\n\t\t\t\t<\/div>\n\t\t\t\t\t<\/div>\n\t\t<\/div>\n\t\t\t\t\t\t\t<\/div>\n\t\t<\/section>\n\t\t\t\t\t<\/div>\n\t\t<\/div>\n\t\t\t\t\t\t\t<\/div>\n\t\t<\/section>\n\t\t\t\t<section class=\"has_ae_slider elementor-section elementor-top-section elementor-element elementor-element-56ac5e5a elementor-section-boxed elementor-section-height-default elementor-section-height-default wpr-particle-no wpr-jarallax-no wpr-parallax-no wpr-sticky-section-no ae-bg-gallery-type-default\" data-id=\"56ac5e5a\" data-element_type=\"section\">\n\t\t\t\t\t\t<div class=\"elementor-container elementor-column-gap-default\">\n\t\t\t\t\t<div class=\"has_ae_slider elementor-column elementor-col-100 elementor-top-column elementor-element elementor-element-4d2cdd9d ae-bg-gallery-type-default\" data-id=\"4d2cdd9d\" data-element_type=\"column\">\n\t\t\t<div class=\"elementor-widget-wrap elementor-element-populated\">\n\t\t\t\t\t\t\t\t<section class=\"has_ae_slider elementor-section elementor-inner-section elementor-element elementor-element-475ff452 elementor-section-boxed elementor-section-height-default elementor-section-height-default wpr-particle-no wpr-jarallax-no wpr-parallax-no wpr-sticky-section-no ae-bg-gallery-type-default\" data-id=\"475ff452\" data-element_type=\"section\">\n\t\t\t\t\t\t<div class=\"elementor-container elementor-column-gap-default\">\n\t\t\t\t\t<div class=\"has_ae_slider elementor-column elementor-col-100 elementor-inner-column elementor-element elementor-element-18ede370 ae-bg-gallery-type-default\" data-id=\"18ede370\" data-element_type=\"column\">\n\t\t\t<div class=\"elementor-widget-wrap elementor-element-populated\">\n\t\t\t\t\t\t\t\t<div class=\"elementor-element elementor-element-730d1088 elementor-widget elementor-widget-heading\" data-id=\"730d1088\" data-element_type=\"widget\" data-widget_type=\"heading.default\">\n\t\t\t\t<div class=\"elementor-widget-container\">\n\t\t\t<style>\/*! elementor - v3.5.6 - 28-02-2022 *\/\n.elementor-heading-title{padding:0;margin:0;line-height:1}.elementor-widget-heading .elementor-heading-title[class*=elementor-size-]>a{color:inherit;font-size:inherit;line-height:inherit}.elementor-widget-heading .elementor-heading-title.elementor-size-small{font-size:15px}.elementor-widget-heading .elementor-heading-title.elementor-size-medium{font-size:19px}.elementor-widget-heading .elementor-heading-title.elementor-size-large{font-size:29px}.elementor-widget-heading .elementor-heading-title.elementor-size-xl{font-size:39px}.elementor-widget-heading .elementor-heading-title.elementor-size-xxl{font-size:59px}<\/style><h4 class=\"elementor-heading-title elementor-size-default\">\u00bfQuieres conocer m\u00e1s sobre temas relacionados con, <br><span class=\"Estilo-titulo\">conteo de personas?<span><\/span><\/span><\/h4>\t\t<\/div>\n\t\t\t\t<\/div>\n\t\t\t\t<div class=\"elementor-element elementor-element-4f357c28 elementor-widget elementor-widget-text-editor\" data-id=\"4f357c28\" data-element_type=\"widget\" data-widget_type=\"text-editor.default\">\n\t\t\t\t<div class=\"elementor-widget-container\">\n\t\t\t\t\t\t\t<p>S\u00edguenos o escr\u00edbenos en nuestras redes sociales y ent\u00e9rate de mucho m\u00e1s.<\/p>\t\t\t\t\t\t<\/div>\n\t\t\t\t<\/div>\n\t\t\t\t<div class=\"elementor-element elementor-element-11e30ac elementor-shape-square elementor-grid-0 e-grid-align-center elementor-widget elementor-widget-social-icons\" data-id=\"11e30ac\" data-element_type=\"widget\" data-widget_type=\"social-icons.default\">\n\t\t\t\t<div class=\"elementor-widget-container\">\n\t\t\t<style>\/*! elementor - v3.5.6 - 28-02-2022 *\/\n.elementor-widget-social-icons.elementor-grid-0 .elementor-widget-container,.elementor-widget-social-icons.elementor-grid-mobile-0 .elementor-widget-container,.elementor-widget-social-icons.elementor-grid-tablet-0 .elementor-widget-container{line-height:1;font-size:0}.elementor-widget-social-icons:not(.elementor-grid-0):not(.elementor-grid-tablet-0):not(.elementor-grid-mobile-0) .elementor-grid{display:inline-grid}.elementor-widget-social-icons .elementor-grid{grid-column-gap:var(--grid-column-gap,5px);grid-row-gap:var(--grid-row-gap,5px);grid-template-columns:var(--grid-template-columns);-webkit-box-pack:var(--justify-content,center);-ms-flex-pack:var(--justify-content,center);justify-content:var(--justify-content,center);justify-items:var(--justify-content,center)}.elementor-icon.elementor-social-icon{font-size:var(--icon-size,25px);line-height:var(--icon-size,25px);width:calc(var(--icon-size, 25px) + (2 * var(--icon-padding, .5em)));height:calc(var(--icon-size, 25px) + (2 * var(--icon-padding, .5em)))}.elementor-social-icon{--e-social-icon-icon-color:#fff;display:-webkit-inline-box;display:-ms-inline-flexbox;display:inline-flex;background-color:#818a91;-webkit-box-align:center;-ms-flex-align:center;align-items:center;-webkit-box-pack:center;-ms-flex-pack:center;justify-content:center;text-align:center;cursor:pointer}.elementor-social-icon i{color:var(--e-social-icon-icon-color)}.elementor-social-icon svg{fill:var(--e-social-icon-icon-color)}.elementor-social-icon:last-child{margin:0}.elementor-social-icon:hover{opacity:.9;color:#fff}.elementor-social-icon-android{background-color:#a4c639}.elementor-social-icon-apple{background-color:#999}.elementor-social-icon-behance{background-color:#1769ff}.elementor-social-icon-bitbucket{background-color:#205081}.elementor-social-icon-codepen{background-color:#000}.elementor-social-icon-delicious{background-color:#39f}.elementor-social-icon-deviantart{background-color:#05cc47}.elementor-social-icon-digg{background-color:#005be2}.elementor-social-icon-dribbble{background-color:#ea4c89}.elementor-social-icon-elementor{background-color:#d30c5c}.elementor-social-icon-envelope{background-color:#ea4335}.elementor-social-icon-facebook,.elementor-social-icon-facebook-f{background-color:#3b5998}.elementor-social-icon-flickr{background-color:#0063dc}.elementor-social-icon-foursquare{background-color:#2d5be3}.elementor-social-icon-free-code-camp,.elementor-social-icon-freecodecamp{background-color:#006400}.elementor-social-icon-github{background-color:#333}.elementor-social-icon-gitlab{background-color:#e24329}.elementor-social-icon-globe{background-color:#818a91}.elementor-social-icon-google-plus,.elementor-social-icon-google-plus-g{background-color:#dd4b39}.elementor-social-icon-houzz{background-color:#7ac142}.elementor-social-icon-instagram{background-color:#262626}.elementor-social-icon-jsfiddle{background-color:#487aa2}.elementor-social-icon-link{background-color:#818a91}.elementor-social-icon-linkedin,.elementor-social-icon-linkedin-in{background-color:#0077b5}.elementor-social-icon-medium{background-color:#00ab6b}.elementor-social-icon-meetup{background-color:#ec1c40}.elementor-social-icon-mixcloud{background-color:#273a4b}.elementor-social-icon-odnoklassniki{background-color:#f4731c}.elementor-social-icon-pinterest{background-color:#bd081c}.elementor-social-icon-product-hunt{background-color:#da552f}.elementor-social-icon-reddit{background-color:#ff4500}.elementor-social-icon-rss{background-color:#f26522}.elementor-social-icon-shopping-cart{background-color:#4caf50}.elementor-social-icon-skype{background-color:#00aff0}.elementor-social-icon-slideshare{background-color:#0077b5}.elementor-social-icon-snapchat{background-color:#fffc00}.elementor-social-icon-soundcloud{background-color:#f80}.elementor-social-icon-spotify{background-color:#2ebd59}.elementor-social-icon-stack-overflow{background-color:#fe7a15}.elementor-social-icon-steam{background-color:#00adee}.elementor-social-icon-stumbleupon{background-color:#eb4924}.elementor-social-icon-telegram{background-color:#2ca5e0}.elementor-social-icon-thumb-tack{background-color:#1aa1d8}.elementor-social-icon-tripadvisor{background-color:#589442}.elementor-social-icon-tumblr{background-color:#35465c}.elementor-social-icon-twitch{background-color:#6441a5}.elementor-social-icon-twitter{background-color:#1da1f2}.elementor-social-icon-viber{background-color:#665cac}.elementor-social-icon-vimeo{background-color:#1ab7ea}.elementor-social-icon-vk{background-color:#45668e}.elementor-social-icon-weibo{background-color:#dd2430}.elementor-social-icon-weixin{background-color:#31a918}.elementor-social-icon-whatsapp{background-color:#25d366}.elementor-social-icon-wordpress{background-color:#21759b}.elementor-social-icon-xing{background-color:#026466}.elementor-social-icon-yelp{background-color:#af0606}.elementor-social-icon-youtube{background-color:#cd201f}.elementor-social-icon-500px{background-color:#0099e5}.elementor-shape-rounded .elementor-icon.elementor-social-icon{-webkit-border-radius:10%;border-radius:10%}.elementor-shape-circle .elementor-icon.elementor-social-icon{-webkit-border-radius:50%;border-radius:50%}<\/style>\t\t<div class=\"elementor-social-icons-wrapper elementor-grid\">\n\t\t\t\t\t\t\t<span class=\"elementor-grid-item\">\n\t\t\t\t\t<a class=\"elementor-icon elementor-social-icon elementor-social-icon-facebook elementor-repeater-item-3e78c65\" href=\"https:\/\/facebook.com\/lacompetenciasa\" target=\"_blank\">\n\t\t\t\t\t\t<span class=\"elementor-screen-only\">Facebook<\/span>\n\t\t\t\t\t\t<i class=\"fab fa-facebook\"><\/i>\t\t\t\t\t<\/a>\n\t\t\t\t<\/span>\n\t\t\t\t\t\t\t<span class=\"elementor-grid-item\">\n\t\t\t\t\t<a class=\"elementor-icon elementor-social-icon elementor-social-icon-instagram elementor-repeater-item-b05411b\" href=\"https:\/\/www.instagram.com\/lacompetenciasa\/\" target=\"_blank\">\n\t\t\t\t\t\t<span class=\"elementor-screen-only\">Instagram<\/span>\n\t\t\t\t\t\t<i class=\"fab fa-instagram\"><\/i>\t\t\t\t\t<\/a>\n\t\t\t\t<\/span>\n\t\t\t\t\t\t\t<span class=\"elementor-grid-item\">\n\t\t\t\t\t<a class=\"elementor-icon elementor-social-icon elementor-social-icon-linkedin elementor-repeater-item-92bc806\" href=\"https:\/\/linkedin.com\/company\/25060480\" target=\"_blank\">\n\t\t\t\t\t\t<span class=\"elementor-screen-only\">Linkedin<\/span>\n\t\t\t\t\t\t<i class=\"fab fa-linkedin\"><\/i>\t\t\t\t\t<\/a>\n\t\t\t\t<\/span>\n\t\t\t\t\t\t\t<span class=\"elementor-grid-item\">\n\t\t\t\t\t<a class=\"elementor-icon elementor-social-icon elementor-social-icon-youtube elementor-repeater-item-e81b2ce\" href=\"https:\/\/youtube.com\/channel\/UCNja2PQOVF_nnRigryF7E-Q\" target=\"_blank\">\n\t\t\t\t\t\t<span class=\"elementor-screen-only\">Youtube<\/span>\n\t\t\t\t\t\t<i class=\"fab fa-youtube\"><\/i>\t\t\t\t\t<\/a>\n\t\t\t\t<\/span>\n\t\t\t\t\t\t\t<span class=\"elementor-grid-item\">\n\t\t\t\t\t<a class=\"elementor-icon elementor-social-icon elementor-social-icon-whatsapp elementor-repeater-item-55dba47\" href=\"https:\/\/wa.me\/5930969729361\/?text=M\u00e1s%20informaci\u00f3n%20smart%20home\" target=\"_blank\">\n\t\t\t\t\t\t<span class=\"elementor-screen-only\">Whatsapp<\/span>\n\t\t\t\t\t\t<i class=\"fab fa-whatsapp\"><\/i>\t\t\t\t\t<\/a>\n\t\t\t\t<\/span>\n\t\t\t\t\t<\/div>\n\t\t\t\t<\/div>\n\t\t\t\t<\/div>\n\t\t\t\t\t<\/div>\n\t\t<\/div>\n\t\t\t\t\t\t\t<\/div>\n\t\t<\/section>\n\t\t\t\t<section class=\"has_ae_slider elementor-section elementor-inner-section elementor-element elementor-element-5f4cfd70 elementor-section-boxed elementor-section-height-default elementor-section-height-default wpr-particle-no wpr-jarallax-no wpr-parallax-no wpr-sticky-section-no ae-bg-gallery-type-default\" data-id=\"5f4cfd70\" data-element_type=\"section\" data-settings=\"{&quot;background_background&quot;:&quot;classic&quot;}\">\n\t\t\t\t\t\t<div class=\"elementor-container elementor-column-gap-default\">\n\t\t\t\t\t<div class=\"has_ae_slider elementor-column elementor-col-50 elementor-inner-column elementor-element elementor-element-2f2e4ae5 ae-bg-gallery-type-default\" data-id=\"2f2e4ae5\" data-element_type=\"column\">\n\t\t\t<div class=\"elementor-widget-wrap elementor-element-populated\">\n\t\t\t\t\t\t\t\t<div class=\"elementor-element elementor-element-2c4b34be elementor-widget elementor-widget-heading\" data-id=\"2c4b34be\" data-element_type=\"widget\" data-widget_type=\"heading.default\">\n\t\t\t\t<div class=\"elementor-widget-container\">\n\t\t\t<h2 class=\"elementor-heading-title elementor-size-default\">\u00bfNecesitas ayuda?<\/h2>\t\t<\/div>\n\t\t\t\t<\/div>\n\t\t\t\t<div class=\"elementor-element elementor-element-30bb0625 elementor-widget elementor-widget-text-editor\" data-id=\"30bb0625\" data-element_type=\"widget\" data-widget_type=\"text-editor.default\">\n\t\t\t\t<div class=\"elementor-widget-container\">\n\t\t\t\t\t\t\t<p>\u00bfSi tienes preguntas o necesitas asesor\u00eda personalizada? Haz clic en nuestro bot\u00f3n de \u00abCont\u00e1ctanos\u00bb y estaremos encantados de ayudarte en todo lo que necesites. \u00a1Escr\u00edbenos ahora mismo!<\/p>\t\t\t\t\t\t<\/div>\n\t\t\t\t<\/div>\n\t\t\t\t<div class=\"elementor-element elementor-element-254e67ad elementor-widget elementor-widget-heading\" data-id=\"254e67ad\" data-element_type=\"widget\" data-widget_type=\"heading.default\">\n\t\t\t\t<div class=\"elementor-widget-container\">\n\t\t\t<h3 class=\"elementor-heading-title elementor-size-default\">Cont\u00e1ctanos para recibir asesor\u00eda personalizada<\/h3>\t\t<\/div>\n\t\t\t\t<\/div>\n\t\t\t\t<div class=\"elementor-element elementor-element-47c1107e elementor-widget elementor-widget-button\" data-id=\"47c1107e\" data-element_type=\"widget\" data-widget_type=\"button.default\">\n\t\t\t\t<div class=\"elementor-widget-container\">\n\t\t\t\t\t<div class=\"elementor-button-wrapper\">\n\t\t\t<a href=\"#elementor-action%3Aaction%3Dpopup%3Aopen%26settings%3DeyJpZCI6IjkyMSIsInRvZ2dsZSI6ZmFsc2V9\" class=\"elementor-button-link elementor-button elementor-size-sm\" role=\"button\">\n\t\t\t\t\t\t<span class=\"elementor-button-content-wrapper\">\n\t\t\t\t\t\t<span class=\"elementor-button-text\">Cont\u00e1ctanos<\/span>\n\t\t<\/span>\n\t\t\t\t\t<\/a>\n\t\t<\/div>\n\t\t\t\t<\/div>\n\t\t\t\t<\/div>\n\t\t\t\t\t<\/div>\n\t\t<\/div>\n\t\t\t\t<div class=\"has_ae_slider elementor-column elementor-col-50 elementor-inner-column elementor-element elementor-element-567f6b85 ae-bg-gallery-type-default\" data-id=\"567f6b85\" data-element_type=\"column\">\n\t\t\t<div class=\"elementor-widget-wrap\">\n\t\t\t\t\t\t\t\t\t<\/div>\n\t\t<\/div>\n\t\t\t\t\t\t\t<\/div>\n\t\t<\/section>\n\t\t\t\t\t<\/div>\n\t\t<\/div>\n\t\t\t\t\t\t\t<\/div>\n\t\t<\/section>\n\t\t\t\t\t\t<\/div>\n\t\t\t\t\t<\/div>\n\t\t","protected":false},"excerpt":{"rendered":"<p>Implementar un sistema de conteo de personas en centros comerciales ecuatorianos se ha vuelto clave para mejorar la seguridad, la planificaci\u00f3n de eventos y la gesti\u00f3n del flujo de visitantes. <\/p>\n","protected":false},"author":9,"featured_media":23934,"comment_status":"closed","ping_status":"open","sticky":false,"template":"","format":"standard","meta":[],"categories":[17],"tags":[],"yoast_head":"<!-- This site is optimized with the Yoast SEO plugin v20.4 - https:\/\/yoast.com\/wordpress\/plugins\/seo\/ -->\n<title>Sistema de conteo de personas en centros comerciales \ud83c\uddea\ud83c\udde8<\/title>\n<meta name=\"description\" content=\"Descubre c\u00f3mo un sistema de conteo de personas mejora la seguridad, el flujo de visitantes y la planificaci\u00f3n en centros comerciales.\" \/>\n<meta name=\"robots\" content=\"index, follow, max-snippet:-1, max-image-preview:large, max-video-preview:-1\" \/>\n<link rel=\"canonical\" href=\"https:\/\/www.competencia.com.ec\/corporativo\/sistema-de-conteo-de-personas-en-centros-comerciales-de-ecuador\/\" \/>\n<meta property=\"og:locale\" content=\"es_ES\" \/>\n<meta property=\"og:type\" content=\"article\" \/>\n<meta property=\"og:title\" content=\"Sistema de conteo de personas en centros comerciales \ud83c\uddea\ud83c\udde8\" \/>\n<meta property=\"og:description\" content=\"Descubre c\u00f3mo un sistema de conteo de personas mejora la seguridad, el flujo de visitantes y la planificaci\u00f3n en centros comerciales.\" \/>\n<meta property=\"og:url\" content=\"https:\/\/www.competencia.com.ec\/corporativo\/sistema-de-conteo-de-personas-en-centros-comerciales-de-ecuador\/\" \/>\n<meta property=\"og:site_name\" content=\"La Competencia S.A\" \/>\n<meta property=\"article:publisher\" content=\"https:\/\/www.facebook.com\/lacompetenciasa\/\" \/>\n<meta property=\"article:author\" content=\"+593 97 950 6872\" \/>\n<meta property=\"article:published_time\" content=\"2025-04-14T14:30:00+00:00\" \/>\n<meta property=\"article:modified_time\" content=\"2025-04-14T15:31:03+00:00\" \/>\n<meta property=\"og:image\" content=\"https:\/\/www.competencia.com.ec\/corporativo\/wp-content\/uploads\/2025\/04\/BANNER-GESTION-sistema-de-conteo-de-personas.jpg\" \/>\n\t<meta property=\"og:image:width\" content=\"1490\" \/>\n\t<meta property=\"og:image:height\" content=\"620\" \/>\n\t<meta property=\"og:image:type\" content=\"image\/jpeg\" \/>\n<meta name=\"author\" content=\"Luis Arrieta\" \/>\n<meta name=\"twitter:card\" content=\"summary_large_image\" \/>\n<meta name=\"twitter:label1\" content=\"Escrito por\" \/>\n\t<meta name=\"twitter:data1\" content=\"Luis Arrieta\" \/>\n\t<meta name=\"twitter:label2\" content=\"Tiempo de lectura\" \/>\n\t<meta name=\"twitter:data2\" content=\"4 minutos\" \/>\n<script type=\"application\/ld+json\" class=\"yoast-schema-graph\">{\"@context\":\"https:\/\/schema.org\",\"@graph\":[{\"@type\":\"Article\",\"@id\":\"https:\/\/www.competencia.com.ec\/corporativo\/sistema-de-conteo-de-personas-en-centros-comerciales-de-ecuador\/#article\",\"isPartOf\":{\"@id\":\"https:\/\/www.competencia.com.ec\/corporativo\/sistema-de-conteo-de-personas-en-centros-comerciales-de-ecuador\/\"},\"author\":{\"name\":\"Luis Arrieta\",\"@id\":\"https:\/\/www.competencia.com.ec\/corporativo\/#\/schema\/person\/f3b981bdca749cf09d11577e38938e77\"},\"headline\":\"Sistema de conteo de personas en centros comerciales de Ecuador\",\"datePublished\":\"2025-04-14T14:30:00+00:00\",\"dateModified\":\"2025-04-14T15:31:03+00:00\",\"mainEntityOfPage\":{\"@id\":\"https:\/\/www.competencia.com.ec\/corporativo\/sistema-de-conteo-de-personas-en-centros-comerciales-de-ecuador\/\"},\"wordCount\":836,\"publisher\":{\"@id\":\"https:\/\/www.competencia.com.ec\/corporativo\/#organization\"},\"articleSection\":[\"Tiempo, Asistencia, Gesti\u00f3n y Seguridad\"],\"inLanguage\":\"es\"},{\"@type\":\"WebPage\",\"@id\":\"https:\/\/www.competencia.com.ec\/corporativo\/sistema-de-conteo-de-personas-en-centros-comerciales-de-ecuador\/\",\"url\":\"https:\/\/www.competencia.com.ec\/corporativo\/sistema-de-conteo-de-personas-en-centros-comerciales-de-ecuador\/\",\"name\":\"Sistema de conteo de personas en centros comerciales \ud83c\uddea\ud83c\udde8\",\"isPartOf\":{\"@id\":\"https:\/\/www.competencia.com.ec\/corporativo\/#website\"},\"datePublished\":\"2025-04-14T14:30:00+00:00\",\"dateModified\":\"2025-04-14T15:31:03+00:00\",\"description\":\"Descubre c\u00f3mo un sistema de conteo de personas mejora la seguridad, el flujo de visitantes y la planificaci\u00f3n en centros comerciales.\",\"breadcrumb\":{\"@id\":\"https:\/\/www.competencia.com.ec\/corporativo\/sistema-de-conteo-de-personas-en-centros-comerciales-de-ecuador\/#breadcrumb\"},\"inLanguage\":\"es\",\"potentialAction\":[{\"@type\":\"ReadAction\",\"target\":[\"https:\/\/www.competencia.com.ec\/corporativo\/sistema-de-conteo-de-personas-en-centros-comerciales-de-ecuador\/\"]}]},{\"@type\":\"BreadcrumbList\",\"@id\":\"https:\/\/www.competencia.com.ec\/corporativo\/sistema-de-conteo-de-personas-en-centros-comerciales-de-ecuador\/#breadcrumb\",\"itemListElement\":[{\"@type\":\"ListItem\",\"position\":1,\"name\":\"Portada\",\"item\":\"https:\/\/www.competencia.com.ec\/corporativo\/\"},{\"@type\":\"ListItem\",\"position\":2,\"name\":\"Tiempo, Asistencia, Gesti\u00f3n y Seguridad\",\"item\":\"https:\/\/www.competencia.com.ec\/corporativo\/category\/tags\/\"},{\"@type\":\"ListItem\",\"position\":3,\"name\":\"Sistema de conteo de personas en centros comerciales de Ecuador\"}]},{\"@type\":\"WebSite\",\"@id\":\"https:\/\/www.competencia.com.ec\/corporativo\/#website\",\"url\":\"https:\/\/www.competencia.com.ec\/corporativo\/\",\"name\":\"La Competencia S.A\",\"description\":\"Otro sitio realizado con WordPress\",\"publisher\":{\"@id\":\"https:\/\/www.competencia.com.ec\/corporativo\/#organization\"},\"alternateName\":\"competencia.com.ec\",\"potentialAction\":[{\"@type\":\"SearchAction\",\"target\":{\"@type\":\"EntryPoint\",\"urlTemplate\":\"https:\/\/www.competencia.com.ec\/corporativo\/?s={search_term_string}\"},\"query-input\":\"required name=search_term_string\"}],\"inLanguage\":\"es\"},{\"@type\":\"Organization\",\"@id\":\"https:\/\/www.competencia.com.ec\/corporativo\/#organization\",\"name\":\"LA COMPETENCIA S.A.\",\"alternateName\":\"competencia.com.ec\",\"url\":\"https:\/\/www.competencia.com.ec\/corporativo\/\",\"logo\":{\"@type\":\"ImageObject\",\"inLanguage\":\"es\",\"@id\":\"https:\/\/www.competencia.com.ec\/corporativo\/#\/schema\/logo\/image\/\",\"url\":\"https:\/\/www.competencia.com.ec\/corporativo\/wp-content\/uploads\/2022\/03\/cropped-Logo-horizontal-230x35-1.png\",\"contentUrl\":\"https:\/\/www.competencia.com.ec\/corporativo\/wp-content\/uploads\/2022\/03\/cropped-Logo-horizontal-230x35-1.png\",\"width\":230,\"height\":35,\"caption\":\"LA COMPETENCIA S.A.\"},\"image\":{\"@id\":\"https:\/\/www.competencia.com.ec\/corporativo\/#\/schema\/logo\/image\/\"},\"sameAs\":[\"https:\/\/www.facebook.com\/lacompetenciasa\/\"]},{\"@type\":\"Person\",\"@id\":\"https:\/\/www.competencia.com.ec\/corporativo\/#\/schema\/person\/f3b981bdca749cf09d11577e38938e77\",\"name\":\"Luis Arrieta\",\"image\":{\"@type\":\"ImageObject\",\"inLanguage\":\"es\",\"@id\":\"https:\/\/www.competencia.com.ec\/corporativo\/#\/schema\/person\/image\/\",\"url\":\"https:\/\/www.competencia.com.ec\/corporativo\/wp-content\/uploads\/2025\/02\/Luis-Arrieta.webp\",\"contentUrl\":\"https:\/\/www.competencia.com.ec\/corporativo\/wp-content\/uploads\/2025\/02\/Luis-Arrieta.webp\",\"caption\":\"Luis Arrieta\"},\"description\":\"Con experiencia en soluciones de seguridad avanzada y an\u00e1lisis de datos perimetral, ayudo a empresas a fortalecer su protecci\u00f3n con tecnolog\u00eda de vanguardia. Mi enfoque es claro: identificar riesgos, optimizar la vigilancia y ofrecer soluciones inteligentes que maximicen la seguridad y el control.\",\"sameAs\":[\"+593 97 950 6872\",\"https:\/\/www.linkedin.com\/in\/luis-arrieta-jefe-tcnico-la-competencia-s-a-\/\"]}]}<\/script>\n<!-- \/ Yoast SEO plugin. -->","yoast_head_json":{"title":"Sistema de conteo de personas en centros comerciales \ud83c\uddea\ud83c\udde8","description":"Descubre c\u00f3mo un sistema de conteo de personas mejora la seguridad, el flujo de visitantes y la planificaci\u00f3n en centros comerciales.","robots":{"index":"index","follow":"follow","max-snippet":"max-snippet:-1","max-image-preview":"max-image-preview:large","max-video-preview":"max-video-preview:-1"},"canonical":"https:\/\/www.competencia.com.ec\/corporativo\/sistema-de-conteo-de-personas-en-centros-comerciales-de-ecuador\/","og_locale":"es_ES","og_type":"article","og_title":"Sistema de conteo de personas en centros comerciales \ud83c\uddea\ud83c\udde8","og_description":"Descubre c\u00f3mo un sistema de conteo de personas mejora la seguridad, el flujo de visitantes y la planificaci\u00f3n en centros comerciales.","og_url":"https:\/\/www.competencia.com.ec\/corporativo\/sistema-de-conteo-de-personas-en-centros-comerciales-de-ecuador\/","og_site_name":"La Competencia S.A","article_publisher":"https:\/\/www.facebook.com\/lacompetenciasa\/","article_author":"+593 97 950 6872","article_published_time":"2025-04-14T14:30:00+00:00","article_modified_time":"2025-04-14T15:31:03+00:00","og_image":[{"width":1490,"height":620,"url":"https:\/\/www.competencia.com.ec\/corporativo\/wp-content\/uploads\/2025\/04\/BANNER-GESTION-sistema-de-conteo-de-personas.jpg","type":"image\/jpeg"}],"author":"Luis Arrieta","twitter_card":"summary_large_image","twitter_misc":{"Escrito por":"Luis Arrieta","Tiempo de lectura":"4 minutos"},"schema":{"@context":"https:\/\/schema.org","@graph":[{"@type":"Article","@id":"https:\/\/www.competencia.com.ec\/corporativo\/sistema-de-conteo-de-personas-en-centros-comerciales-de-ecuador\/#article","isPartOf":{"@id":"https:\/\/www.competencia.com.ec\/corporativo\/sistema-de-conteo-de-personas-en-centros-comerciales-de-ecuador\/"},"author":{"name":"Luis Arrieta","@id":"https:\/\/www.competencia.com.ec\/corporativo\/#\/schema\/person\/f3b981bdca749cf09d11577e38938e77"},"headline":"Sistema de conteo de personas en centros comerciales de Ecuador","datePublished":"2025-04-14T14:30:00+00:00","dateModified":"2025-04-14T15:31:03+00:00","mainEntityOfPage":{"@id":"https:\/\/www.competencia.com.ec\/corporativo\/sistema-de-conteo-de-personas-en-centros-comerciales-de-ecuador\/"},"wordCount":836,"publisher":{"@id":"https:\/\/www.competencia.com.ec\/corporativo\/#organization"},"articleSection":["Tiempo, Asistencia, Gesti\u00f3n y Seguridad"],"inLanguage":"es"},{"@type":"WebPage","@id":"https:\/\/www.competencia.com.ec\/corporativo\/sistema-de-conteo-de-personas-en-centros-comerciales-de-ecuador\/","url":"https:\/\/www.competencia.com.ec\/corporativo\/sistema-de-conteo-de-personas-en-centros-comerciales-de-ecuador\/","name":"Sistema de conteo de personas en centros comerciales \ud83c\uddea\ud83c\udde8","isPartOf":{"@id":"https:\/\/www.competencia.com.ec\/corporativo\/#website"},"datePublished":"2025-04-14T14:30:00+00:00","dateModified":"2025-04-14T15:31:03+00:00","description":"Descubre c\u00f3mo un sistema de conteo de personas mejora la seguridad, el flujo de visitantes y la planificaci\u00f3n en centros comerciales.","breadcrumb":{"@id":"https:\/\/www.competencia.com.ec\/corporativo\/sistema-de-conteo-de-personas-en-centros-comerciales-de-ecuador\/#breadcrumb"},"inLanguage":"es","potentialAction":[{"@type":"ReadAction","target":["https:\/\/www.competencia.com.ec\/corporativo\/sistema-de-conteo-de-personas-en-centros-comerciales-de-ecuador\/"]}]},{"@type":"BreadcrumbList","@id":"https:\/\/www.competencia.com.ec\/corporativo\/sistema-de-conteo-de-personas-en-centros-comerciales-de-ecuador\/#breadcrumb","itemListElement":[{"@type":"ListItem","position":1,"name":"Portada","item":"https:\/\/www.competencia.com.ec\/corporativo\/"},{"@type":"ListItem","position":2,"name":"Tiempo, Asistencia, Gesti\u00f3n y Seguridad","item":"https:\/\/www.competencia.com.ec\/corporativo\/category\/tags\/"},{"@type":"ListItem","position":3,"name":"Sistema de conteo de personas en centros comerciales de Ecuador"}]},{"@type":"WebSite","@id":"https:\/\/www.competencia.com.ec\/corporativo\/#website","url":"https:\/\/www.competencia.com.ec\/corporativo\/","name":"La Competencia S.A","description":"Otro sitio realizado con WordPress","publisher":{"@id":"https:\/\/www.competencia.com.ec\/corporativo\/#organization"},"alternateName":"competencia.com.ec","potentialAction":[{"@type":"SearchAction","target":{"@type":"EntryPoint","urlTemplate":"https:\/\/www.competencia.com.ec\/corporativo\/?s={search_term_string}"},"query-input":"required name=search_term_string"}],"inLanguage":"es"},{"@type":"Organization","@id":"https:\/\/www.competencia.com.ec\/corporativo\/#organization","name":"LA COMPETENCIA S.A.","alternateName":"competencia.com.ec","url":"https:\/\/www.competencia.com.ec\/corporativo\/","logo":{"@type":"ImageObject","inLanguage":"es","@id":"https:\/\/www.competencia.com.ec\/corporativo\/#\/schema\/logo\/image\/","url":"https:\/\/www.competencia.com.ec\/corporativo\/wp-content\/uploads\/2022\/03\/cropped-Logo-horizontal-230x35-1.png","contentUrl":"https:\/\/www.competencia.com.ec\/corporativo\/wp-content\/uploads\/2022\/03\/cropped-Logo-horizontal-230x35-1.png","width":230,"height":35,"caption":"LA COMPETENCIA S.A."},"image":{"@id":"https:\/\/www.competencia.com.ec\/corporativo\/#\/schema\/logo\/image\/"},"sameAs":["https:\/\/www.facebook.com\/lacompetenciasa\/"]},{"@type":"Person","@id":"https:\/\/www.competencia.com.ec\/corporativo\/#\/schema\/person\/f3b981bdca749cf09d11577e38938e77","name":"Luis Arrieta","image":{"@type":"ImageObject","inLanguage":"es","@id":"https:\/\/www.competencia.com.ec\/corporativo\/#\/schema\/person\/image\/","url":"https:\/\/www.competencia.com.ec\/corporativo\/wp-content\/uploads\/2025\/02\/Luis-Arrieta.webp","contentUrl":"https:\/\/www.competencia.com.ec\/corporativo\/wp-content\/uploads\/2025\/02\/Luis-Arrieta.webp","caption":"Luis Arrieta"},"description":"Con experiencia en soluciones de seguridad avanzada y an\u00e1lisis de datos perimetral, ayudo a empresas a fortalecer su protecci\u00f3n con tecnolog\u00eda de vanguardia. Mi enfoque es claro: identificar riesgos, optimizar la vigilancia y ofrecer soluciones inteligentes que maximicen la seguridad y el control.","sameAs":["+593 97 950 6872","https:\/\/www.linkedin.com\/in\/luis-arrieta-jefe-tcnico-la-competencia-s-a-\/"]}]}},"_links":{"self":[{"href":"https:\/\/www.competencia.com.ec\/corporativo\/wp-json\/wp\/v2\/posts\/23911"}],"collection":[{"href":"https:\/\/www.competencia.com.ec\/corporativo\/wp-json\/wp\/v2\/posts"}],"about":[{"href":"https:\/\/www.competencia.com.ec\/corporativo\/wp-json\/wp\/v2\/types\/post"}],"author":[{"embeddable":true,"href":"https:\/\/www.competencia.com.ec\/corporativo\/wp-json\/wp\/v2\/users\/9"}],"replies":[{"embeddable":true,"href":"https:\/\/www.competencia.com.ec\/corporativo\/wp-json\/wp\/v2\/comments?post=23911"}],"version-history":[{"count":13,"href":"https:\/\/www.competencia.com.ec\/corporativo\/wp-json\/wp\/v2\/posts\/23911\/revisions"}],"predecessor-version":[{"id":23958,"href":"https:\/\/www.competencia.com.ec\/corporativo\/wp-json\/wp\/v2\/posts\/23911\/revisions\/23958"}],"wp:featuredmedia":[{"embeddable":true,"href":"https:\/\/www.competencia.com.ec\/corporativo\/wp-json\/wp\/v2\/media\/23934"}],"wp:attachment":[{"href":"https:\/\/www.competencia.com.ec\/corporativo\/wp-json\/wp\/v2\/media?parent=23911"}],"wp:term":[{"taxonomy":"category","embeddable":true,"href":"https:\/\/www.competencia.com.ec\/corporativo\/wp-json\/wp\/v2\/categories?post=23911"},{"taxonomy":"post_tag","embeddable":true,"href":"https:\/\/www.competencia.com.ec\/corporativo\/wp-json\/wp\/v2\/tags?post=23911"}],"curies":[{"name":"wp","href":"https:\/\/api.w.org\/{rel}","templated":true}]}}