{"id":24832,"date":"2025-06-10T09:00:00","date_gmt":"2025-06-10T14:00:00","guid":{"rendered":"https:\/\/www.competencia.com.ec\/corporativo\/?p=24832"},"modified":"2026-04-21T08:33:08","modified_gmt":"2026-04-21T13:33:08","slug":"infraestructura-tecnologica-empresarial-por-que-es-vital-para-crecer","status":"publish","type":"post","link":"https:\/\/www.competencia.com.ec\/corporativo\/infraestructura-tecnologica-empresarial-por-que-es-vital-para-crecer\/","title":{"rendered":"Infraestructura Tecnol\u00f3gica Empresarial: \u00bfPor qu\u00e9 es vital para crecer?"},"content":{"rendered":"\t\t<div data-elementor-type=\"wp-post\" data-elementor-id=\"24832\" class=\"elementor elementor-24832\" data-elementor-settings=\"[]\">\n\t\t\t\t\t\t\t<div class=\"elementor-section-wrap\">\n\t\t\t\t\t\t\t<section class=\"has_ae_slider elementor-section elementor-top-section elementor-element elementor-element-5fb3dcd elementor-section-boxed elementor-section-height-default elementor-section-height-default wpr-particle-no wpr-jarallax-no wpr-parallax-no wpr-sticky-section-no ae-bg-gallery-type-default\" data-id=\"5fb3dcd\" data-element_type=\"section\">\n\t\t\t\t\t\t<div class=\"elementor-container elementor-column-gap-default\">\n\t\t\t\t\t<div class=\"has_ae_slider elementor-column elementor-col-100 elementor-top-column elementor-element elementor-element-ba62e4f ae-bg-gallery-type-default\" data-id=\"ba62e4f\" data-element_type=\"column\">\n\t\t\t<div class=\"elementor-widget-wrap elementor-element-populated\">\n\t\t\t\t\t\t\t\t<section class=\"has_ae_slider elementor-section elementor-inner-section elementor-element elementor-element-3bd2e65 elementor-section-boxed elementor-section-height-default elementor-section-height-default wpr-particle-no wpr-jarallax-no wpr-parallax-no wpr-sticky-section-no ae-bg-gallery-type-default\" data-id=\"3bd2e65\" data-element_type=\"section\">\n\t\t\t\t\t\t<div class=\"elementor-container elementor-column-gap-default\">\n\t\t\t\t\t<div class=\"has_ae_slider elementor-column elementor-col-100 elementor-inner-column elementor-element elementor-element-2e68285 ae-bg-gallery-type-default\" data-id=\"2e68285\" data-element_type=\"column\">\n\t\t\t<div class=\"elementor-widget-wrap elementor-element-populated\">\n\t\t\t\t\t\t\t\t<div class=\"elementor-element elementor-element-8bfccf3 elementor-widget elementor-widget-text-editor\" data-id=\"8bfccf3\" data-element_type=\"widget\" data-widget_type=\"text-editor.default\">\n\t\t\t\t<div class=\"elementor-widget-container\">\n\t\t\t<style>\/*! elementor - v3.5.6 - 28-02-2022 *\/\n.elementor-widget-text-editor.elementor-drop-cap-view-stacked .elementor-drop-cap{background-color:#818a91;color:#fff}.elementor-widget-text-editor.elementor-drop-cap-view-framed .elementor-drop-cap{color:#818a91;border:3px solid;background-color:transparent}.elementor-widget-text-editor:not(.elementor-drop-cap-view-default) .elementor-drop-cap{margin-top:8px}.elementor-widget-text-editor:not(.elementor-drop-cap-view-default) .elementor-drop-cap-letter{width:1em;height:1em}.elementor-widget-text-editor .elementor-drop-cap{float:left;text-align:center;line-height:1;font-size:50px}.elementor-widget-text-editor .elementor-drop-cap-letter{display:inline-block}<\/style>\t\t\t\t<h2>\u00bfQu\u00e9 es la infraestructura tecnol\u00f3gica empresarial?<\/h2>\n<p>Cuando hablamos de <strong>infraestructura tecnol\u00f3gica empresarial<\/strong>, nos referimos a todos los recursos inform\u00e1ticos que apoyan los procesos internos y externos de una empresa. Esto abarca desde la red local de oficinas hasta las plataformas en la nube donde se almacenan datos y se ejecutan aplicaciones.<\/p>\n\n<h3>Componentes principales<\/h3>\n<ul>\n  <li><strong>Redes inform\u00e1ticas:<\/strong> permiten la conexi\u00f3n y comunicaci\u00f3n entre dispositivos y servidores.<\/li>\n  <li><strong>Servidores:<\/strong> alojan aplicaciones y datos cr\u00edticos para el negocio.<\/li>\n  <li><strong>Hardware:<\/strong> como computadoras, routers, switches y dispositivos m\u00f3viles.<\/li>\n  <li><strong>Software:<\/strong> aplicaciones empresariales, sistemas operativos y soluciones de gesti\u00f3n.<\/li>\n  <li><strong>Servicios en la nube:<\/strong> almacenamiento, procesamiento de datos y plataformas colaborativas accesibles desde cualquier lugar.<\/li>\n<\/ul>\t\t\t\t\t\t<\/div>\n\t\t\t\t<\/div>\n\t\t\t\t\t<\/div>\n\t\t<\/div>\n\t\t\t\t\t\t\t<\/div>\n\t\t<\/section>\n\t\t\t\t<section class=\"has_ae_slider elementor-section elementor-inner-section elementor-element elementor-element-2d80bfb elementor-section-boxed elementor-section-height-default elementor-section-height-default wpr-particle-no wpr-jarallax-no wpr-parallax-no wpr-sticky-section-no ae-bg-gallery-type-default\" data-id=\"2d80bfb\" data-element_type=\"section\">\n\t\t\t\t\t\t<div class=\"elementor-container elementor-column-gap-default\">\n\t\t\t\t\t<div class=\"has_ae_slider elementor-column elementor-col-100 elementor-inner-column elementor-element elementor-element-04073a2 ae-bg-gallery-type-default\" data-id=\"04073a2\" data-element_type=\"column\">\n\t\t\t<div class=\"elementor-widget-wrap elementor-element-populated\">\n\t\t\t\t\t\t\t\t<div class=\"elementor-element elementor-element-4c858cc elementor-widget elementor-widget-text-editor\" data-id=\"4c858cc\" data-element_type=\"widget\" data-widget_type=\"text-editor.default\">\n\t\t\t\t<div class=\"elementor-widget-container\">\n\t\t\t\t\t\t\t<h2>\u00bfPor qu\u00e9 es clave para el crecimiento empresarial?<\/h2>\n<p>La <strong>infraestructura tecnol\u00f3gica empresarial<\/strong> es el cimiento sobre el cual se construyen procesos m\u00e1s eficientes, decisiones m\u00e1s informadas y experiencias del cliente m\u00e1s s\u00f3lidas. Una infraestructura robusta permite a las empresas adaptarse r\u00e1pidamente a los cambios del mercado, escalar operaciones y mantener la competitividad.<\/p>\n\n<h3>Ventajas de contar con una buena infraestructura IT<\/h3>\n<ul>\n  <li><strong>Mayor eficiencia operativa:<\/strong> automatiza procesos y reduce tiempos.<\/li>\n  <li><strong>Mejor comunicaci\u00f3n:<\/strong> facilita el trabajo en equipo y la colaboraci\u00f3n remota.<\/li>\n  <li><strong>Seguridad de la informaci\u00f3n:<\/strong> protege los datos sensibles de la empresa y sus clientes.<\/li>\n  <li><strong>Escalabilidad:<\/strong> permite crecer sin necesidad de reemplazar toda la tecnolog\u00eda.<\/li>\n  <li><strong>Reducci\u00f3n de costos a largo plazo:<\/strong> inversiones inteligentes en tecnolog\u00eda reducen fallas y p\u00e9rdidas.<\/li>\n<\/ul>\n\t\t\t\t\t\t<\/div>\n\t\t\t\t<\/div>\n\t\t\t\t\t<\/div>\n\t\t<\/div>\n\t\t\t\t\t\t\t<\/div>\n\t\t<\/section>\n\t\t\t\t<section class=\"has_ae_slider elementor-section elementor-inner-section elementor-element elementor-element-b634e6f elementor-section-boxed elementor-section-height-default elementor-section-height-default wpr-particle-no wpr-jarallax-no wpr-parallax-no wpr-sticky-section-no ae-bg-gallery-type-default\" data-id=\"b634e6f\" data-element_type=\"section\">\n\t\t\t\t\t\t<div class=\"elementor-container elementor-column-gap-default\">\n\t\t\t\t\t<div class=\"has_ae_slider elementor-column elementor-col-100 elementor-inner-column elementor-element elementor-element-574efa8 ae-bg-gallery-type-default\" data-id=\"574efa8\" data-element_type=\"column\">\n\t\t\t<div class=\"elementor-widget-wrap elementor-element-populated\">\n\t\t\t\t\t\t\t\t<div class=\"elementor-element elementor-element-21d74d8 elementor-widget elementor-widget-text-editor\" data-id=\"21d74d8\" data-element_type=\"widget\" data-widget_type=\"text-editor.default\">\n\t\t\t\t<div class=\"elementor-widget-container\">\n\t\t\t\t\t\t\t<h2>Errores comunes al implementar infraestructura tecnol\u00f3gica<\/h2>\n<p>Muchas empresas caen en errores al momento de construir su infraestructura, como:<\/p>\n<ul>\n  <li>No contar con un plan a largo plazo.<\/li>\n  <li>Descuidar la seguridad digital.<\/li>\n  <li>No capacitar al personal en nuevas tecnolog\u00edas.<\/li>\n  <li>Elegir soluciones tecnol\u00f3gicas sin evaluar su compatibilidad.<\/li>\n<\/ul>\n<p>Evitar estos errores puede marcar una gran diferencia en el rendimiento de tu infraestructura.<\/p>\t\t\t\t\t\t<\/div>\n\t\t\t\t<\/div>\n\t\t\t\t\t<\/div>\n\t\t<\/div>\n\t\t\t\t\t\t\t<\/div>\n\t\t<\/section>\n\t\t\t\t<section class=\"has_ae_slider elementor-section elementor-inner-section elementor-element elementor-element-8db7d67 elementor-section-boxed elementor-section-height-default elementor-section-height-default wpr-particle-no wpr-jarallax-no wpr-parallax-no wpr-sticky-section-no ae-bg-gallery-type-default\" data-id=\"8db7d67\" data-element_type=\"section\">\n\t\t\t\t\t\t<div class=\"elementor-container elementor-column-gap-default\">\n\t\t\t\t\t<div class=\"has_ae_slider elementor-column elementor-col-100 elementor-inner-column elementor-element elementor-element-088621b ae-bg-gallery-type-default\" data-id=\"088621b\" data-element_type=\"column\">\n\t\t\t<div class=\"elementor-widget-wrap elementor-element-populated\">\n\t\t\t\t\t\t\t\t<div class=\"elementor-element elementor-element-e4b92ec elementor-widget elementor-widget-text-editor\" data-id=\"e4b92ec\" data-element_type=\"widget\" data-widget_type=\"text-editor.default\">\n\t\t\t\t<div class=\"elementor-widget-container\">\n\t\t\t\t\t\t\t<h2>Servicios de infraestructura tecnol\u00f3gica empresarial<\/h2>\n<p>Empresas especializadas como <a href=\"https:\/\/www.competencia.com.ec\/corporativo\/infraestructura-redes\/\" target=\"_blank\">La Competencia S.A.<\/a> ofrecen soluciones integrales que incluyen:<\/p>\n<ul>\n  <li>Dise\u00f1o y configuraci\u00f3n de redes inform\u00e1ticas empresariales.<\/li>\n  <li>Instalaci\u00f3n y mantenimiento de servidores.<\/li>\n  <li>Implementaci\u00f3n de soluciones de nube h\u00edbrida.<\/li>\n  <li>Consultor\u00eda y soporte t\u00e9cnico especializado.<\/li>\n<\/ul>\n<p>Contar con aliados tecnol\u00f3gicos confiables puede marcar la diferencia entre estancarse o crecer.<\/p>\n\t\t\t\t\t\t<\/div>\n\t\t\t\t<\/div>\n\t\t\t\t\t<\/div>\n\t\t<\/div>\n\t\t\t\t\t\t\t<\/div>\n\t\t<\/section>\n\t\t\t\t<section class=\"has_ae_slider elementor-section elementor-inner-section elementor-element elementor-element-e3fec1a elementor-section-boxed elementor-section-height-default elementor-section-height-default wpr-particle-no wpr-jarallax-no wpr-parallax-no wpr-sticky-section-no ae-bg-gallery-type-default\" data-id=\"e3fec1a\" data-element_type=\"section\">\n\t\t\t\t\t\t<div class=\"elementor-container elementor-column-gap-default\">\n\t\t\t\t\t<div class=\"has_ae_slider elementor-column elementor-col-100 elementor-inner-column elementor-element elementor-element-ead7702 ae-bg-gallery-type-default\" data-id=\"ead7702\" data-element_type=\"column\">\n\t\t\t<div class=\"elementor-widget-wrap elementor-element-populated\">\n\t\t\t\t\t\t\t\t<div class=\"elementor-element elementor-element-db7221a elementor-widget elementor-widget-text-editor\" data-id=\"db7221a\" data-element_type=\"widget\" data-widget_type=\"text-editor.default\">\n\t\t\t\t<div class=\"elementor-widget-container\">\n\t\t\t\t\t\t\t<h2>\u00bfC\u00f3mo empezar con tu infraestructura tecnol\u00f3gica empresarial?<\/h2>\n<p>El primer paso es realizar una evaluaci\u00f3n de tu situaci\u00f3n actual. Luego, define tus objetivos de crecimiento y ases\u00f3rate con expertos en <strong>infraestructura tecnol\u00f3gica empresarial<\/strong> que puedan guiarte en la elecci\u00f3n de las mejores soluciones para tu tipo de negocio.<\/p>\n\n<h3>Consejos pr\u00e1cticos<\/h3>\n<ul>\n  <li>Elige tecnolog\u00edas escalables.<\/li>\n  <li>Piensa en la movilidad y el trabajo remoto.<\/li>\n  <li>Haz auditor\u00edas peri\u00f3dicas de seguridad y rendimiento.<\/li>\n  <li>Invierte en capacitaci\u00f3n para tu equipo.<\/li>\n<\/ul>\n\t\t\t\t\t\t<\/div>\n\t\t\t\t<\/div>\n\t\t\t\t\t<\/div>\n\t\t<\/div>\n\t\t\t\t\t\t\t<\/div>\n\t\t<\/section>\n\t\t\t\t\t<\/div>\n\t\t<\/div>\n\t\t\t\t\t\t\t<\/div>\n\t\t<\/section>\n\t\t\t\t<section class=\"has_ae_slider elementor-section elementor-inner-section elementor-element elementor-element-35c69c66 elementor-section-boxed elementor-section-height-default elementor-section-height-default wpr-particle-no wpr-jarallax-no wpr-parallax-no wpr-sticky-section-no ae-bg-gallery-type-default\" data-id=\"35c69c66\" data-element_type=\"section\" data-settings=\"{&quot;background_background&quot;:&quot;classic&quot;}\">\n\t\t\t\t\t\t<div class=\"elementor-container elementor-column-gap-default\">\n\t\t\t\t\t<div class=\"has_ae_slider elementor-column elementor-col-100 elementor-inner-column elementor-element elementor-element-4af0e598 ae-bg-gallery-type-default\" data-id=\"4af0e598\" data-element_type=\"column\">\n\t\t\t<div class=\"elementor-widget-wrap elementor-element-populated\">\n\t\t\t\t\t\t\t\t<div class=\"elementor-element elementor-element-3e346053 elementor-widget elementor-widget-text-editor\" data-id=\"3e346053\" data-element_type=\"widget\" data-widget_type=\"text-editor.default\">\n\t\t\t\t<div class=\"elementor-widget-container\">\n\t\t\t\t\t\t\t<h2>Conclusi\u00f3n<\/h2>\n<p>Una <strong>infraestructura tecnol\u00f3gica empresarial<\/strong> s\u00f3lida no solo mejora la productividad, sino que tambi\u00e9n permite a las empresas evolucionar y crecer con confianza en un entorno digital cada vez m\u00e1s competitivo.<\/p>\n<p>\u00bfQuieres modernizar la infraestructura de tu empresa? <a href=\"https:\/\/www.competencia.com.ec\/corporativo\/infraestructura-redes\/\">Cont\u00e1ctanos<\/a> y conoce nuestras soluciones personalizadas.<\/p>\n\t\t\t\t\t\t<\/div>\n\t\t\t\t<\/div>\n\t\t\t\t\t<\/div>\n\t\t<\/div>\n\t\t\t\t\t\t\t<\/div>\n\t\t<\/section>\n\t\t\t\t<section class=\"has_ae_slider elementor-section elementor-top-section elementor-element elementor-element-4b0ca70a elementor-section-boxed elementor-section-height-default elementor-section-height-default wpr-particle-no wpr-jarallax-no wpr-parallax-no wpr-sticky-section-no ae-bg-gallery-type-default\" data-id=\"4b0ca70a\" data-element_type=\"section\">\n\t\t\t\t\t\t<div class=\"elementor-container elementor-column-gap-default\">\n\t\t\t\t\t<div class=\"has_ae_slider elementor-column elementor-col-100 elementor-top-column elementor-element elementor-element-495fa8ac ae-bg-gallery-type-default\" data-id=\"495fa8ac\" data-element_type=\"column\">\n\t\t\t<div class=\"elementor-widget-wrap elementor-element-populated\">\n\t\t\t\t\t\t\t\t<section class=\"has_ae_slider elementor-section elementor-inner-section elementor-element elementor-element-55174395 elementor-section-boxed elementor-section-height-default elementor-section-height-default wpr-particle-no wpr-jarallax-no wpr-parallax-no wpr-sticky-section-no ae-bg-gallery-type-default\" data-id=\"55174395\" data-element_type=\"section\">\n\t\t\t\t\t\t<div class=\"elementor-container elementor-column-gap-default\">\n\t\t\t\t\t<div class=\"has_ae_slider elementor-column elementor-col-100 elementor-inner-column elementor-element elementor-element-7c39913f ae-bg-gallery-type-default\" data-id=\"7c39913f\" data-element_type=\"column\">\n\t\t\t<div class=\"elementor-widget-wrap elementor-element-populated\">\n\t\t\t\t\t\t\t\t<div class=\"elementor-element elementor-element-57accc4d elementor-widget elementor-widget-heading\" data-id=\"57accc4d\" data-element_type=\"widget\" data-widget_type=\"heading.default\">\n\t\t\t\t<div class=\"elementor-widget-container\">\n\t\t\t<style>\/*! elementor - v3.5.6 - 28-02-2022 *\/\n.elementor-heading-title{padding:0;margin:0;line-height:1}.elementor-widget-heading .elementor-heading-title[class*=elementor-size-]>a{color:inherit;font-size:inherit;line-height:inherit}.elementor-widget-heading .elementor-heading-title.elementor-size-small{font-size:15px}.elementor-widget-heading .elementor-heading-title.elementor-size-medium{font-size:19px}.elementor-widget-heading .elementor-heading-title.elementor-size-large{font-size:29px}.elementor-widget-heading .elementor-heading-title.elementor-size-xl{font-size:39px}.elementor-widget-heading .elementor-heading-title.elementor-size-xxl{font-size:59px}<\/style><h4 class=\"elementor-heading-title elementor-size-default\">\u00bfQuieres conocer m\u00e1s sobre temas relacionados?<\/h4>\t\t<\/div>\n\t\t\t\t<\/div>\n\t\t\t\t<div class=\"elementor-element elementor-element-721c14ae elementor-widget elementor-widget-text-editor\" data-id=\"721c14ae\" data-element_type=\"widget\" data-widget_type=\"text-editor.default\">\n\t\t\t\t<div class=\"elementor-widget-container\">\n\t\t\t\t\t\t\t<p>S\u00edguenos o escr\u00edbenos en nuestras redes sociales y ent\u00e9rate de mucho m\u00e1s.<\/p>\t\t\t\t\t\t<\/div>\n\t\t\t\t<\/div>\n\t\t\t\t<div class=\"elementor-element elementor-element-57ecf62b elementor-shape-square elementor-grid-0 e-grid-align-center elementor-widget elementor-widget-social-icons\" data-id=\"57ecf62b\" data-element_type=\"widget\" data-widget_type=\"social-icons.default\">\n\t\t\t\t<div class=\"elementor-widget-container\">\n\t\t\t<style>\/*! elementor - v3.5.6 - 28-02-2022 *\/\n.elementor-widget-social-icons.elementor-grid-0 .elementor-widget-container,.elementor-widget-social-icons.elementor-grid-mobile-0 .elementor-widget-container,.elementor-widget-social-icons.elementor-grid-tablet-0 .elementor-widget-container{line-height:1;font-size:0}.elementor-widget-social-icons:not(.elementor-grid-0):not(.elementor-grid-tablet-0):not(.elementor-grid-mobile-0) .elementor-grid{display:inline-grid}.elementor-widget-social-icons .elementor-grid{grid-column-gap:var(--grid-column-gap,5px);grid-row-gap:var(--grid-row-gap,5px);grid-template-columns:var(--grid-template-columns);-webkit-box-pack:var(--justify-content,center);-ms-flex-pack:var(--justify-content,center);justify-content:var(--justify-content,center);justify-items:var(--justify-content,center)}.elementor-icon.elementor-social-icon{font-size:var(--icon-size,25px);line-height:var(--icon-size,25px);width:calc(var(--icon-size, 25px) + (2 * var(--icon-padding, .5em)));height:calc(var(--icon-size, 25px) + (2 * var(--icon-padding, .5em)))}.elementor-social-icon{--e-social-icon-icon-color:#fff;display:-webkit-inline-box;display:-ms-inline-flexbox;display:inline-flex;background-color:#818a91;-webkit-box-align:center;-ms-flex-align:center;align-items:center;-webkit-box-pack:center;-ms-flex-pack:center;justify-content:center;text-align:center;cursor:pointer}.elementor-social-icon i{color:var(--e-social-icon-icon-color)}.elementor-social-icon svg{fill:var(--e-social-icon-icon-color)}.elementor-social-icon:last-child{margin:0}.elementor-social-icon:hover{opacity:.9;color:#fff}.elementor-social-icon-android{background-color:#a4c639}.elementor-social-icon-apple{background-color:#999}.elementor-social-icon-behance{background-color:#1769ff}.elementor-social-icon-bitbucket{background-color:#205081}.elementor-social-icon-codepen{background-color:#000}.elementor-social-icon-delicious{background-color:#39f}.elementor-social-icon-deviantart{background-color:#05cc47}.elementor-social-icon-digg{background-color:#005be2}.elementor-social-icon-dribbble{background-color:#ea4c89}.elementor-social-icon-elementor{background-color:#d30c5c}.elementor-social-icon-envelope{background-color:#ea4335}.elementor-social-icon-facebook,.elementor-social-icon-facebook-f{background-color:#3b5998}.elementor-social-icon-flickr{background-color:#0063dc}.elementor-social-icon-foursquare{background-color:#2d5be3}.elementor-social-icon-free-code-camp,.elementor-social-icon-freecodecamp{background-color:#006400}.elementor-social-icon-github{background-color:#333}.elementor-social-icon-gitlab{background-color:#e24329}.elementor-social-icon-globe{background-color:#818a91}.elementor-social-icon-google-plus,.elementor-social-icon-google-plus-g{background-color:#dd4b39}.elementor-social-icon-houzz{background-color:#7ac142}.elementor-social-icon-instagram{background-color:#262626}.elementor-social-icon-jsfiddle{background-color:#487aa2}.elementor-social-icon-link{background-color:#818a91}.elementor-social-icon-linkedin,.elementor-social-icon-linkedin-in{background-color:#0077b5}.elementor-social-icon-medium{background-color:#00ab6b}.elementor-social-icon-meetup{background-color:#ec1c40}.elementor-social-icon-mixcloud{background-color:#273a4b}.elementor-social-icon-odnoklassniki{background-color:#f4731c}.elementor-social-icon-pinterest{background-color:#bd081c}.elementor-social-icon-product-hunt{background-color:#da552f}.elementor-social-icon-reddit{background-color:#ff4500}.elementor-social-icon-rss{background-color:#f26522}.elementor-social-icon-shopping-cart{background-color:#4caf50}.elementor-social-icon-skype{background-color:#00aff0}.elementor-social-icon-slideshare{background-color:#0077b5}.elementor-social-icon-snapchat{background-color:#fffc00}.elementor-social-icon-soundcloud{background-color:#f80}.elementor-social-icon-spotify{background-color:#2ebd59}.elementor-social-icon-stack-overflow{background-color:#fe7a15}.elementor-social-icon-steam{background-color:#00adee}.elementor-social-icon-stumbleupon{background-color:#eb4924}.elementor-social-icon-telegram{background-color:#2ca5e0}.elementor-social-icon-thumb-tack{background-color:#1aa1d8}.elementor-social-icon-tripadvisor{background-color:#589442}.elementor-social-icon-tumblr{background-color:#35465c}.elementor-social-icon-twitch{background-color:#6441a5}.elementor-social-icon-twitter{background-color:#1da1f2}.elementor-social-icon-viber{background-color:#665cac}.elementor-social-icon-vimeo{background-color:#1ab7ea}.elementor-social-icon-vk{background-color:#45668e}.elementor-social-icon-weibo{background-color:#dd2430}.elementor-social-icon-weixin{background-color:#31a918}.elementor-social-icon-whatsapp{background-color:#25d366}.elementor-social-icon-wordpress{background-color:#21759b}.elementor-social-icon-xing{background-color:#026466}.elementor-social-icon-yelp{background-color:#af0606}.elementor-social-icon-youtube{background-color:#cd201f}.elementor-social-icon-500px{background-color:#0099e5}.elementor-shape-rounded .elementor-icon.elementor-social-icon{-webkit-border-radius:10%;border-radius:10%}.elementor-shape-circle .elementor-icon.elementor-social-icon{-webkit-border-radius:50%;border-radius:50%}<\/style>\t\t<div class=\"elementor-social-icons-wrapper elementor-grid\">\n\t\t\t\t\t\t\t<span class=\"elementor-grid-item\">\n\t\t\t\t\t<a class=\"elementor-icon elementor-social-icon elementor-social-icon-facebook elementor-repeater-item-3e78c65\" href=\"https:\/\/facebook.com\/lacompetenciasa\" target=\"_blank\">\n\t\t\t\t\t\t<span class=\"elementor-screen-only\">Facebook<\/span>\n\t\t\t\t\t\t<i class=\"fab fa-facebook\"><\/i>\t\t\t\t\t<\/a>\n\t\t\t\t<\/span>\n\t\t\t\t\t\t\t<span class=\"elementor-grid-item\">\n\t\t\t\t\t<a class=\"elementor-icon elementor-social-icon elementor-social-icon-instagram elementor-repeater-item-b05411b\" href=\"https:\/\/www.instagram.com\/lacompetenciasa\/\" target=\"_blank\">\n\t\t\t\t\t\t<span class=\"elementor-screen-only\">Instagram<\/span>\n\t\t\t\t\t\t<i class=\"fab fa-instagram\"><\/i>\t\t\t\t\t<\/a>\n\t\t\t\t<\/span>\n\t\t\t\t\t\t\t<span class=\"elementor-grid-item\">\n\t\t\t\t\t<a class=\"elementor-icon elementor-social-icon elementor-social-icon-linkedin elementor-repeater-item-92bc806\" href=\"https:\/\/linkedin.com\/company\/25060480\" target=\"_blank\">\n\t\t\t\t\t\t<span class=\"elementor-screen-only\">Linkedin<\/span>\n\t\t\t\t\t\t<i class=\"fab fa-linkedin\"><\/i>\t\t\t\t\t<\/a>\n\t\t\t\t<\/span>\n\t\t\t\t\t\t\t<span class=\"elementor-grid-item\">\n\t\t\t\t\t<a class=\"elementor-icon elementor-social-icon elementor-social-icon-youtube elementor-repeater-item-e81b2ce\" href=\"https:\/\/youtube.com\/channel\/UCNja2PQOVF_nnRigryF7E-Q\" target=\"_blank\">\n\t\t\t\t\t\t<span class=\"elementor-screen-only\">Youtube<\/span>\n\t\t\t\t\t\t<i class=\"fab fa-youtube\"><\/i>\t\t\t\t\t<\/a>\n\t\t\t\t<\/span>\n\t\t\t\t\t\t\t<span class=\"elementor-grid-item\">\n\t\t\t\t\t<a class=\"elementor-icon elementor-social-icon elementor-social-icon-whatsapp elementor-repeater-item-55dba47\" href=\"https:\/\/wa.me\/5930969729361\/?text=M\u00e1s%20informaci\u00f3n%20smart%20home\" target=\"_blank\">\n\t\t\t\t\t\t<span class=\"elementor-screen-only\">Whatsapp<\/span>\n\t\t\t\t\t\t<i class=\"fab fa-whatsapp\"><\/i>\t\t\t\t\t<\/a>\n\t\t\t\t<\/span>\n\t\t\t\t\t<\/div>\n\t\t\t\t<\/div>\n\t\t\t\t<\/div>\n\t\t\t\t\t<\/div>\n\t\t<\/div>\n\t\t\t\t\t\t\t<\/div>\n\t\t<\/section>\n\t\t\t\t<section class=\"has_ae_slider elementor-section elementor-inner-section elementor-element elementor-element-257f6887 elementor-section-boxed elementor-section-height-default elementor-section-height-default wpr-particle-no wpr-jarallax-no wpr-parallax-no wpr-sticky-section-no ae-bg-gallery-type-default\" data-id=\"257f6887\" data-element_type=\"section\" data-settings=\"{&quot;background_background&quot;:&quot;classic&quot;}\">\n\t\t\t\t\t\t\t<div class=\"elementor-background-overlay\"><\/div>\n\t\t\t\t\t\t\t<div class=\"elementor-container elementor-column-gap-default\">\n\t\t\t\t\t<div class=\"has_ae_slider elementor-column elementor-col-50 elementor-inner-column elementor-element elementor-element-103b25d2 ae-bg-gallery-type-default\" data-id=\"103b25d2\" data-element_type=\"column\">\n\t\t\t<div class=\"elementor-widget-wrap elementor-element-populated\">\n\t\t\t\t\t\t\t\t<div class=\"elementor-element elementor-element-7946ef10 elementor-widget elementor-widget-heading\" data-id=\"7946ef10\" data-element_type=\"widget\" data-widget_type=\"heading.default\">\n\t\t\t\t<div class=\"elementor-widget-container\">\n\t\t\t<h2 class=\"elementor-heading-title elementor-size-default\">\u00bfNecesitas ayuda?<\/h2>\t\t<\/div>\n\t\t\t\t<\/div>\n\t\t\t\t<div class=\"elementor-element elementor-element-4e192c3f elementor-widget elementor-widget-text-editor\" data-id=\"4e192c3f\" data-element_type=\"widget\" data-widget_type=\"text-editor.default\">\n\t\t\t\t<div class=\"elementor-widget-container\">\n\t\t\t\t\t\t\t<p>\u00bfSi tienes preguntas o necesitas asesor\u00eda personalizada? Haz clic en nuestro bot\u00f3n de \u00abCont\u00e1ctanos\u00bb y estaremos encantados de ayudarte en todo lo que necesites. \u00a1Escr\u00edbenos ahora mismo!<\/p>\t\t\t\t\t\t<\/div>\n\t\t\t\t<\/div>\n\t\t\t\t<div class=\"elementor-element elementor-element-4dc47037 elementor-widget elementor-widget-heading\" data-id=\"4dc47037\" data-element_type=\"widget\" data-widget_type=\"heading.default\">\n\t\t\t\t<div class=\"elementor-widget-container\">\n\t\t\t<h3 class=\"elementor-heading-title elementor-size-default\">Cont\u00e1ctanos para recibir asesor\u00eda personalizada<\/h3>\t\t<\/div>\n\t\t\t\t<\/div>\n\t\t\t\t<div class=\"elementor-element elementor-element-52549886 elementor-widget elementor-widget-button\" data-id=\"52549886\" data-element_type=\"widget\" data-widget_type=\"button.default\">\n\t\t\t\t<div class=\"elementor-widget-container\">\n\t\t\t\t\t<div class=\"elementor-button-wrapper\">\n\t\t\t<a href=\"#elementor-action%3Aaction%3Dpopup%3Aopen%26settings%3DeyJpZCI6IjkyMSIsInRvZ2dsZSI6ZmFsc2V9\" class=\"elementor-button-link elementor-button elementor-size-sm\" role=\"button\">\n\t\t\t\t\t\t<span class=\"elementor-button-content-wrapper\">\n\t\t\t\t\t\t<span class=\"elementor-button-text\">Cont\u00e1ctanos<\/span>\n\t\t<\/span>\n\t\t\t\t\t<\/a>\n\t\t<\/div>\n\t\t\t\t<\/div>\n\t\t\t\t<\/div>\n\t\t\t\t\t<\/div>\n\t\t<\/div>\n\t\t\t\t<div class=\"has_ae_slider elementor-column elementor-col-50 elementor-inner-column elementor-element elementor-element-6d7c83bc ae-bg-gallery-type-default\" data-id=\"6d7c83bc\" data-element_type=\"column\">\n\t\t\t<div class=\"elementor-widget-wrap\">\n\t\t\t\t\t\t\t\t\t<\/div>\n\t\t<\/div>\n\t\t\t\t\t\t\t<\/div>\n\t\t<\/section>\n\t\t\t\t\t<\/div>\n\t\t<\/div>\n\t\t\t\t\t\t\t<\/div>\n\t\t<\/section>\n\t\t\t\t\t\t<\/div>\n\t\t\t\t\t<\/div>\n\t\t","protected":false},"excerpt":{"rendered":"<p>La infraestructura tecnol\u00f3gica empresarial es el conjunto de componentes tecnol\u00f3gicos que permiten el funcionamiento digital de una empresa. <\/p>\n","protected":false},"author":17,"featured_media":24892,"comment_status":"closed","ping_status":"open","sticky":false,"template":"","format":"standard","meta":[],"categories":[14],"tags":[],"yoast_head":"<!-- This site is optimized with the Yoast SEO plugin v20.4 - https:\/\/yoast.com\/wordpress\/plugins\/seo\/ -->\n<title>Infraestructura tecnol\u00f3gica empresarial: Clave para el crecimiento<\/title>\n<meta name=\"description\" content=\"Descubre por qu\u00e9 la infraestructura tecnol\u00f3gica empresarial es esencial para el crecimiento y \u00e9xito de tu negocio. \u00a1Moderniza tu empresa hoy!\" \/>\n<meta name=\"robots\" content=\"index, follow, max-snippet:-1, max-image-preview:large, max-video-preview:-1\" \/>\n<link rel=\"canonical\" href=\"https:\/\/www.competencia.com.ec\/corporativo\/infraestructura-tecnologica-empresarial-por-que-es-vital-para-crecer\/\" \/>\n<meta property=\"og:locale\" content=\"es_ES\" \/>\n<meta property=\"og:type\" content=\"article\" \/>\n<meta property=\"og:title\" content=\"Infraestructura tecnol\u00f3gica empresarial: Clave para el crecimiento\" \/>\n<meta property=\"og:description\" content=\"Descubre por qu\u00e9 la infraestructura tecnol\u00f3gica empresarial es esencial para el crecimiento y \u00e9xito de tu negocio. \u00a1Moderniza tu empresa hoy!\" \/>\n<meta property=\"og:url\" content=\"https:\/\/www.competencia.com.ec\/corporativo\/infraestructura-tecnologica-empresarial-por-que-es-vital-para-crecer\/\" \/>\n<meta property=\"og:site_name\" content=\"La Competencia S.A\" \/>\n<meta property=\"article:publisher\" content=\"https:\/\/www.facebook.com\/lacompetenciasa\/\" \/>\n<meta property=\"article:published_time\" content=\"2025-06-10T14:00:00+00:00\" \/>\n<meta property=\"article:modified_time\" content=\"2026-04-21T13:33:08+00:00\" \/>\n<meta property=\"og:image\" content=\"https:\/\/www.competencia.com.ec\/corporativo\/wp-content\/uploads\/2025\/06\/BANNER-infraestructura-tecnologica-empresarial-2.webp\" \/>\n\t<meta property=\"og:image:width\" content=\"1490\" \/>\n\t<meta property=\"og:image:height\" content=\"620\" \/>\n\t<meta property=\"og:image:type\" content=\"image\/webp\" \/>\n<meta name=\"author\" content=\"Natasha Torres\" \/>\n<meta name=\"twitter:card\" content=\"summary_large_image\" \/>\n<meta name=\"twitter:label1\" content=\"Escrito por\" \/>\n\t<meta name=\"twitter:data1\" content=\"Natasha Torres\" \/>\n\t<meta name=\"twitter:label2\" content=\"Tiempo de lectura\" \/>\n\t<meta name=\"twitter:data2\" content=\"3 minutos\" \/>\n<script type=\"application\/ld+json\" class=\"yoast-schema-graph\">{\"@context\":\"https:\/\/schema.org\",\"@graph\":[{\"@type\":\"Article\",\"@id\":\"https:\/\/www.competencia.com.ec\/corporativo\/infraestructura-tecnologica-empresarial-por-que-es-vital-para-crecer\/#article\",\"isPartOf\":{\"@id\":\"https:\/\/www.competencia.com.ec\/corporativo\/infraestructura-tecnologica-empresarial-por-que-es-vital-para-crecer\/\"},\"author\":{\"name\":\"Natasha Torres\",\"@id\":\"https:\/\/www.competencia.com.ec\/corporativo\/#\/schema\/person\/477b25d68c671fed12856785d77b003a\"},\"headline\":\"Infraestructura Tecnol\u00f3gica Empresarial: \u00bfPor qu\u00e9 es vital para crecer?\",\"datePublished\":\"2025-06-10T14:00:00+00:00\",\"dateModified\":\"2026-04-21T13:33:08+00:00\",\"mainEntityOfPage\":{\"@id\":\"https:\/\/www.competencia.com.ec\/corporativo\/infraestructura-tecnologica-empresarial-por-que-es-vital-para-crecer\/\"},\"wordCount\":583,\"publisher\":{\"@id\":\"https:\/\/www.competencia.com.ec\/corporativo\/#organization\"},\"articleSection\":[\"Soluciones Inteligentes\"],\"inLanguage\":\"es\"},{\"@type\":\"WebPage\",\"@id\":\"https:\/\/www.competencia.com.ec\/corporativo\/infraestructura-tecnologica-empresarial-por-que-es-vital-para-crecer\/\",\"url\":\"https:\/\/www.competencia.com.ec\/corporativo\/infraestructura-tecnologica-empresarial-por-que-es-vital-para-crecer\/\",\"name\":\"Infraestructura tecnol\u00f3gica empresarial: Clave para el crecimiento\",\"isPartOf\":{\"@id\":\"https:\/\/www.competencia.com.ec\/corporativo\/#website\"},\"datePublished\":\"2025-06-10T14:00:00+00:00\",\"dateModified\":\"2026-04-21T13:33:08+00:00\",\"description\":\"Descubre por qu\u00e9 la infraestructura tecnol\u00f3gica empresarial es esencial para el crecimiento y \u00e9xito de tu negocio. \u00a1Moderniza tu empresa hoy!\",\"breadcrumb\":{\"@id\":\"https:\/\/www.competencia.com.ec\/corporativo\/infraestructura-tecnologica-empresarial-por-que-es-vital-para-crecer\/#breadcrumb\"},\"inLanguage\":\"es\",\"potentialAction\":[{\"@type\":\"ReadAction\",\"target\":[\"https:\/\/www.competencia.com.ec\/corporativo\/infraestructura-tecnologica-empresarial-por-que-es-vital-para-crecer\/\"]}]},{\"@type\":\"BreadcrumbList\",\"@id\":\"https:\/\/www.competencia.com.ec\/corporativo\/infraestructura-tecnologica-empresarial-por-que-es-vital-para-crecer\/#breadcrumb\",\"itemListElement\":[{\"@type\":\"ListItem\",\"position\":1,\"name\":\"Portada\",\"item\":\"https:\/\/www.competencia.com.ec\/corporativo\/\"},{\"@type\":\"ListItem\",\"position\":2,\"name\":\"Soluciones Inteligentes\",\"item\":\"https:\/\/www.competencia.com.ec\/corporativo\/category\/bss\/\"},{\"@type\":\"ListItem\",\"position\":3,\"name\":\"Infraestructura Tecnol\u00f3gica Empresarial: \u00bfPor qu\u00e9 es vital para crecer?\"}]},{\"@type\":\"WebSite\",\"@id\":\"https:\/\/www.competencia.com.ec\/corporativo\/#website\",\"url\":\"https:\/\/www.competencia.com.ec\/corporativo\/\",\"name\":\"La Competencia S.A\",\"description\":\"Otro sitio realizado con WordPress\",\"publisher\":{\"@id\":\"https:\/\/www.competencia.com.ec\/corporativo\/#organization\"},\"alternateName\":\"competencia.com.ec\",\"potentialAction\":[{\"@type\":\"SearchAction\",\"target\":{\"@type\":\"EntryPoint\",\"urlTemplate\":\"https:\/\/www.competencia.com.ec\/corporativo\/?s={search_term_string}\"},\"query-input\":\"required name=search_term_string\"}],\"inLanguage\":\"es\"},{\"@type\":\"Organization\",\"@id\":\"https:\/\/www.competencia.com.ec\/corporativo\/#organization\",\"name\":\"LA COMPETENCIA S.A.\",\"alternateName\":\"competencia.com.ec\",\"url\":\"https:\/\/www.competencia.com.ec\/corporativo\/\",\"logo\":{\"@type\":\"ImageObject\",\"inLanguage\":\"es\",\"@id\":\"https:\/\/www.competencia.com.ec\/corporativo\/#\/schema\/logo\/image\/\",\"url\":\"https:\/\/www.competencia.com.ec\/corporativo\/wp-content\/uploads\/2022\/03\/cropped-Logo-horizontal-230x35-1.png\",\"contentUrl\":\"https:\/\/www.competencia.com.ec\/corporativo\/wp-content\/uploads\/2022\/03\/cropped-Logo-horizontal-230x35-1.png\",\"width\":230,\"height\":35,\"caption\":\"LA COMPETENCIA S.A.\"},\"image\":{\"@id\":\"https:\/\/www.competencia.com.ec\/corporativo\/#\/schema\/logo\/image\/\"},\"sameAs\":[\"https:\/\/www.facebook.com\/lacompetenciasa\/\"]},{\"@type\":\"Person\",\"@id\":\"https:\/\/www.competencia.com.ec\/corporativo\/#\/schema\/person\/477b25d68c671fed12856785d77b003a\",\"name\":\"Natasha Torres\",\"image\":{\"@type\":\"ImageObject\",\"inLanguage\":\"es\",\"@id\":\"https:\/\/www.competencia.com.ec\/corporativo\/#\/schema\/person\/image\/\",\"url\":\"https:\/\/www.competencia.com.ec\/corporativo\/wp-content\/uploads\/2026\/04\/Foto-Natasha-640x640.webp\",\"contentUrl\":\"https:\/\/www.competencia.com.ec\/corporativo\/wp-content\/uploads\/2026\/04\/Foto-Natasha-640x640.webp\",\"caption\":\"Natasha Torres\"}}]}<\/script>\n<!-- \/ Yoast SEO plugin. -->","yoast_head_json":{"title":"Infraestructura tecnol\u00f3gica empresarial: Clave para el crecimiento","description":"Descubre por qu\u00e9 la infraestructura tecnol\u00f3gica empresarial es esencial para el crecimiento y \u00e9xito de tu negocio. \u00a1Moderniza tu empresa hoy!","robots":{"index":"index","follow":"follow","max-snippet":"max-snippet:-1","max-image-preview":"max-image-preview:large","max-video-preview":"max-video-preview:-1"},"canonical":"https:\/\/www.competencia.com.ec\/corporativo\/infraestructura-tecnologica-empresarial-por-que-es-vital-para-crecer\/","og_locale":"es_ES","og_type":"article","og_title":"Infraestructura tecnol\u00f3gica empresarial: Clave para el crecimiento","og_description":"Descubre por qu\u00e9 la infraestructura tecnol\u00f3gica empresarial es esencial para el crecimiento y \u00e9xito de tu negocio. \u00a1Moderniza tu empresa hoy!","og_url":"https:\/\/www.competencia.com.ec\/corporativo\/infraestructura-tecnologica-empresarial-por-que-es-vital-para-crecer\/","og_site_name":"La Competencia S.A","article_publisher":"https:\/\/www.facebook.com\/lacompetenciasa\/","article_published_time":"2025-06-10T14:00:00+00:00","article_modified_time":"2026-04-21T13:33:08+00:00","og_image":[{"width":1490,"height":620,"url":"https:\/\/www.competencia.com.ec\/corporativo\/wp-content\/uploads\/2025\/06\/BANNER-infraestructura-tecnologica-empresarial-2.webp","type":"image\/webp"}],"author":"Natasha Torres","twitter_card":"summary_large_image","twitter_misc":{"Escrito por":"Natasha Torres","Tiempo de lectura":"3 minutos"},"schema":{"@context":"https:\/\/schema.org","@graph":[{"@type":"Article","@id":"https:\/\/www.competencia.com.ec\/corporativo\/infraestructura-tecnologica-empresarial-por-que-es-vital-para-crecer\/#article","isPartOf":{"@id":"https:\/\/www.competencia.com.ec\/corporativo\/infraestructura-tecnologica-empresarial-por-que-es-vital-para-crecer\/"},"author":{"name":"Natasha Torres","@id":"https:\/\/www.competencia.com.ec\/corporativo\/#\/schema\/person\/477b25d68c671fed12856785d77b003a"},"headline":"Infraestructura Tecnol\u00f3gica Empresarial: \u00bfPor qu\u00e9 es vital para crecer?","datePublished":"2025-06-10T14:00:00+00:00","dateModified":"2026-04-21T13:33:08+00:00","mainEntityOfPage":{"@id":"https:\/\/www.competencia.com.ec\/corporativo\/infraestructura-tecnologica-empresarial-por-que-es-vital-para-crecer\/"},"wordCount":583,"publisher":{"@id":"https:\/\/www.competencia.com.ec\/corporativo\/#organization"},"articleSection":["Soluciones Inteligentes"],"inLanguage":"es"},{"@type":"WebPage","@id":"https:\/\/www.competencia.com.ec\/corporativo\/infraestructura-tecnologica-empresarial-por-que-es-vital-para-crecer\/","url":"https:\/\/www.competencia.com.ec\/corporativo\/infraestructura-tecnologica-empresarial-por-que-es-vital-para-crecer\/","name":"Infraestructura tecnol\u00f3gica empresarial: Clave para el crecimiento","isPartOf":{"@id":"https:\/\/www.competencia.com.ec\/corporativo\/#website"},"datePublished":"2025-06-10T14:00:00+00:00","dateModified":"2026-04-21T13:33:08+00:00","description":"Descubre por qu\u00e9 la infraestructura tecnol\u00f3gica empresarial es esencial para el crecimiento y \u00e9xito de tu negocio. \u00a1Moderniza tu empresa hoy!","breadcrumb":{"@id":"https:\/\/www.competencia.com.ec\/corporativo\/infraestructura-tecnologica-empresarial-por-que-es-vital-para-crecer\/#breadcrumb"},"inLanguage":"es","potentialAction":[{"@type":"ReadAction","target":["https:\/\/www.competencia.com.ec\/corporativo\/infraestructura-tecnologica-empresarial-por-que-es-vital-para-crecer\/"]}]},{"@type":"BreadcrumbList","@id":"https:\/\/www.competencia.com.ec\/corporativo\/infraestructura-tecnologica-empresarial-por-que-es-vital-para-crecer\/#breadcrumb","itemListElement":[{"@type":"ListItem","position":1,"name":"Portada","item":"https:\/\/www.competencia.com.ec\/corporativo\/"},{"@type":"ListItem","position":2,"name":"Soluciones Inteligentes","item":"https:\/\/www.competencia.com.ec\/corporativo\/category\/bss\/"},{"@type":"ListItem","position":3,"name":"Infraestructura Tecnol\u00f3gica Empresarial: \u00bfPor qu\u00e9 es vital para crecer?"}]},{"@type":"WebSite","@id":"https:\/\/www.competencia.com.ec\/corporativo\/#website","url":"https:\/\/www.competencia.com.ec\/corporativo\/","name":"La Competencia S.A","description":"Otro sitio realizado con WordPress","publisher":{"@id":"https:\/\/www.competencia.com.ec\/corporativo\/#organization"},"alternateName":"competencia.com.ec","potentialAction":[{"@type":"SearchAction","target":{"@type":"EntryPoint","urlTemplate":"https:\/\/www.competencia.com.ec\/corporativo\/?s={search_term_string}"},"query-input":"required name=search_term_string"}],"inLanguage":"es"},{"@type":"Organization","@id":"https:\/\/www.competencia.com.ec\/corporativo\/#organization","name":"LA COMPETENCIA S.A.","alternateName":"competencia.com.ec","url":"https:\/\/www.competencia.com.ec\/corporativo\/","logo":{"@type":"ImageObject","inLanguage":"es","@id":"https:\/\/www.competencia.com.ec\/corporativo\/#\/schema\/logo\/image\/","url":"https:\/\/www.competencia.com.ec\/corporativo\/wp-content\/uploads\/2022\/03\/cropped-Logo-horizontal-230x35-1.png","contentUrl":"https:\/\/www.competencia.com.ec\/corporativo\/wp-content\/uploads\/2022\/03\/cropped-Logo-horizontal-230x35-1.png","width":230,"height":35,"caption":"LA COMPETENCIA S.A."},"image":{"@id":"https:\/\/www.competencia.com.ec\/corporativo\/#\/schema\/logo\/image\/"},"sameAs":["https:\/\/www.facebook.com\/lacompetenciasa\/"]},{"@type":"Person","@id":"https:\/\/www.competencia.com.ec\/corporativo\/#\/schema\/person\/477b25d68c671fed12856785d77b003a","name":"Natasha Torres","image":{"@type":"ImageObject","inLanguage":"es","@id":"https:\/\/www.competencia.com.ec\/corporativo\/#\/schema\/person\/image\/","url":"https:\/\/www.competencia.com.ec\/corporativo\/wp-content\/uploads\/2026\/04\/Foto-Natasha-640x640.webp","contentUrl":"https:\/\/www.competencia.com.ec\/corporativo\/wp-content\/uploads\/2026\/04\/Foto-Natasha-640x640.webp","caption":"Natasha Torres"}}]}},"_links":{"self":[{"href":"https:\/\/www.competencia.com.ec\/corporativo\/wp-json\/wp\/v2\/posts\/24832"}],"collection":[{"href":"https:\/\/www.competencia.com.ec\/corporativo\/wp-json\/wp\/v2\/posts"}],"about":[{"href":"https:\/\/www.competencia.com.ec\/corporativo\/wp-json\/wp\/v2\/types\/post"}],"author":[{"embeddable":true,"href":"https:\/\/www.competencia.com.ec\/corporativo\/wp-json\/wp\/v2\/users\/17"}],"replies":[{"embeddable":true,"href":"https:\/\/www.competencia.com.ec\/corporativo\/wp-json\/wp\/v2\/comments?post=24832"}],"version-history":[{"count":9,"href":"https:\/\/www.competencia.com.ec\/corporativo\/wp-json\/wp\/v2\/posts\/24832\/revisions"}],"predecessor-version":[{"id":24842,"href":"https:\/\/www.competencia.com.ec\/corporativo\/wp-json\/wp\/v2\/posts\/24832\/revisions\/24842"}],"wp:featuredmedia":[{"embeddable":true,"href":"https:\/\/www.competencia.com.ec\/corporativo\/wp-json\/wp\/v2\/media\/24892"}],"wp:attachment":[{"href":"https:\/\/www.competencia.com.ec\/corporativo\/wp-json\/wp\/v2\/media?parent=24832"}],"wp:term":[{"taxonomy":"category","embeddable":true,"href":"https:\/\/www.competencia.com.ec\/corporativo\/wp-json\/wp\/v2\/categories?post=24832"},{"taxonomy":"post_tag","embeddable":true,"href":"https:\/\/www.competencia.com.ec\/corporativo\/wp-json\/wp\/v2\/tags?post=24832"}],"curies":[{"name":"wp","href":"https:\/\/api.w.org\/{rel}","templated":true}]}}