{"id":2751,"date":"2022-06-20T13:35:43","date_gmt":"2022-06-20T13:35:43","guid":{"rendered":"http:\/\/181.39.81.124:9980\/compe_corp\/?p=2751"},"modified":"2022-08-16T11:52:05","modified_gmt":"2022-08-16T16:52:05","slug":"lleva-un-correcto-monitoreo-de-las-vacaciones-de-tus-empleados-de-manera-sencilla","status":"publish","type":"post","link":"https:\/\/www.competencia.com.ec\/corporativo\/lleva-un-correcto-monitoreo-de-las-vacaciones-de-tus-empleados-de-manera-sencilla\/","title":{"rendered":"Lleva un correcto monitoreo de las  vacaciones de tus empleados de manera sencilla"},"content":{"rendered":"\t\t<div data-elementor-type=\"wp-post\" data-elementor-id=\"2751\" class=\"elementor elementor-2751\" data-elementor-settings=\"[]\">\n\t\t\t\t\t\t\t<div class=\"elementor-section-wrap\">\n\t\t\t\t\t\t\t<section class=\"has_ae_slider elementor-section elementor-top-section elementor-element elementor-element-cf9502c elementor-section-boxed elementor-section-height-default elementor-section-height-default wpr-particle-no wpr-jarallax-no wpr-parallax-no wpr-sticky-section-no ae-bg-gallery-type-default\" data-id=\"cf9502c\" data-element_type=\"section\">\n\t\t\t\t\t\t<div class=\"elementor-container elementor-column-gap-default\">\n\t\t\t\t\t<div class=\"has_ae_slider elementor-column elementor-col-100 elementor-top-column elementor-element elementor-element-0fbd642 ae-bg-gallery-type-default\" data-id=\"0fbd642\" data-element_type=\"column\">\n\t\t\t<div class=\"elementor-widget-wrap elementor-element-populated\">\n\t\t\t\t\t\t\t\t<div class=\"elementor-element elementor-element-eb9c56f elementor-widget elementor-widget-heading\" data-id=\"eb9c56f\" data-element_type=\"widget\" data-widget_type=\"heading.default\">\n\t\t\t\t<div class=\"elementor-widget-container\">\n\t\t\t<style>\/*! elementor - v3.5.6 - 28-02-2022 *\/\n.elementor-heading-title{padding:0;margin:0;line-height:1}.elementor-widget-heading .elementor-heading-title[class*=elementor-size-]>a{color:inherit;font-size:inherit;line-height:inherit}.elementor-widget-heading .elementor-heading-title.elementor-size-small{font-size:15px}.elementor-widget-heading .elementor-heading-title.elementor-size-medium{font-size:19px}.elementor-widget-heading .elementor-heading-title.elementor-size-large{font-size:29px}.elementor-widget-heading .elementor-heading-title.elementor-size-xl{font-size:39px}.elementor-widget-heading .elementor-heading-title.elementor-size-xxl{font-size:59px}<\/style><h4 class=\"elementor-heading-title elementor-size-default\">Lleva un correcto monitoreo de las  vacaciones de tus empleados de manera sencilla\n\n<\/h4>\t\t<\/div>\n\t\t\t\t<\/div>\n\t\t\t\t<div class=\"elementor-element elementor-element-198b3c9 elementor-widget elementor-widget-text-editor\" data-id=\"198b3c9\" data-element_type=\"widget\" data-widget_type=\"text-editor.default\">\n\t\t\t\t<div class=\"elementor-widget-container\">\n\t\t\t<style>\/*! elementor - v3.5.6 - 28-02-2022 *\/\n.elementor-widget-text-editor.elementor-drop-cap-view-stacked .elementor-drop-cap{background-color:#818a91;color:#fff}.elementor-widget-text-editor.elementor-drop-cap-view-framed .elementor-drop-cap{color:#818a91;border:3px solid;background-color:transparent}.elementor-widget-text-editor:not(.elementor-drop-cap-view-default) .elementor-drop-cap{margin-top:8px}.elementor-widget-text-editor:not(.elementor-drop-cap-view-default) .elementor-drop-cap-letter{width:1em;height:1em}.elementor-widget-text-editor .elementor-drop-cap{float:left;text-align:center;line-height:1;font-size:50px}.elementor-widget-text-editor .elementor-drop-cap-letter{display:inline-block}<\/style>\t\t\t\t<p>Sabemos que la planificaci\u00f3n de vacaciones en tus empleados puede llegar a ser un gran problema, en especial para el departamento de RR.HH. que llegan a recibir varios mails con solicitudes de vacaciones o dudas de las mismas, esto sumado a la dificultad si se gestiona de manera manual.<\/p>\t\t\t\t\t\t<\/div>\n\t\t\t\t<\/div>\n\t\t\t\t<div class=\"elementor-element elementor-element-7ce5243 elementor-widget elementor-widget-image\" data-id=\"7ce5243\" data-element_type=\"widget\" data-widget_type=\"image.default\">\n\t\t\t\t<div class=\"elementor-widget-container\">\n\t\t\t<style>\/*! elementor - v3.5.6 - 28-02-2022 *\/\n.elementor-widget-image{text-align:center}.elementor-widget-image a{display:inline-block}.elementor-widget-image a img[src$=\".svg\"]{width:48px}.elementor-widget-image img{vertical-align:middle;display:inline-block}<\/style>\t\t\t\t\t\t\t\t\t\t\t\t<img decoding=\"async\" width=\"640\" height=\"248\" src=\"https:\/\/www.competencia.com.ec\/corporativo\/wp-content\/uploads\/2022\/06\/Recurso-2-1920x743.jpg\" class=\"attachment-large size-large\" alt=\"\" loading=\"lazy\" srcset=\"https:\/\/www.competencia.com.ec\/corporativo\/wp-content\/uploads\/2022\/06\/Recurso-2-1920x743.jpg 1920w, https:\/\/www.competencia.com.ec\/corporativo\/wp-content\/uploads\/2022\/06\/Recurso-2-960x372.jpg 960w, https:\/\/www.competencia.com.ec\/corporativo\/wp-content\/uploads\/2022\/06\/Recurso-2-768x297.jpg 768w, https:\/\/www.competencia.com.ec\/corporativo\/wp-content\/uploads\/2022\/06\/Recurso-2-1536x595.jpg 1536w, https:\/\/www.competencia.com.ec\/corporativo\/wp-content\/uploads\/2022\/06\/Recurso-2-2048x793.jpg 2048w, https:\/\/www.competencia.com.ec\/corporativo\/wp-content\/uploads\/2022\/06\/Recurso-2-600x232.jpg 600w, https:\/\/www.competencia.com.ec\/corporativo\/wp-content\/uploads\/2022\/06\/Recurso-2-1676x649.jpg 1676w\" sizes=\"(max-width: 640px) 100vw, 640px\" \/>\t\t\t\t\t\t\t\t\t\t\t\t\t\t\t<\/div>\n\t\t\t\t<\/div>\n\t\t\t\t<div class=\"elementor-element elementor-element-4cfd981 elementor-widget elementor-widget-heading\" data-id=\"4cfd981\" data-element_type=\"widget\" data-widget_type=\"heading.default\">\n\t\t\t\t<div class=\"elementor-widget-container\">\n\t\t\t<h4 class=\"elementor-heading-title elementor-size-default\">El Valor de tener una buena gesti\u00f3n de vacaciones\n<\/h4>\t\t<\/div>\n\t\t\t\t<\/div>\n\t\t\t\t<div class=\"elementor-element elementor-element-8735356 elementor-widget elementor-widget-text-editor\" data-id=\"8735356\" data-element_type=\"widget\" data-widget_type=\"text-editor.default\">\n\t\t\t\t<div class=\"elementor-widget-container\">\n\t\t\t\t\t\t\t<p>Contar con una buena gesti\u00f3n de vacaciones en la plantilla se ve reflejado en el ambiente laboral y econom\u00eda de la empresa. Para los encargados de\u00a0 gestionarlo suele ser un problema al organizar ya que pierden tiempo o incluso pueden provocar p\u00e9rdidas en la compa\u00f1\u00eda si no lo hacen de manera correcta.<\/p><p>Por otro lado, hay que saber que el descanso en la jornada laboral es indispensable ya que aumenta la productividad, suma creatividad y disminuye el estr\u00e9s en tus empleados. El tiempo sugerido para que un trabajador descanse y venga recargado de energ\u00eda es de 10 d\u00edas.<\/p><p>Desde un principio se debe tener normas para que tus empleados conozcan a que tienen derecho seg\u00fan su contrato, as\u00ed se genera un buen ambiente y se evita la desinformaci\u00f3n.<\/p>\t\t\t\t\t\t<\/div>\n\t\t\t\t<\/div>\n\t\t\t\t<div class=\"elementor-element elementor-element-1bb928a elementor-widget elementor-widget-heading\" data-id=\"1bb928a\" data-element_type=\"widget\" data-widget_type=\"heading.default\">\n\t\t\t\t<div class=\"elementor-widget-container\">\n\t\t\t<h4 class=\"elementor-heading-title elementor-size-default\">Sistemas para controlar  vacaciones<\/h4>\t\t<\/div>\n\t\t\t\t<\/div>\n\t\t\t\t<div class=\"elementor-element elementor-element-5998606 elementor-widget elementor-widget-text-editor\" data-id=\"5998606\" data-element_type=\"widget\" data-widget_type=\"text-editor.default\">\n\t\t\t\t<div class=\"elementor-widget-container\">\n\t\t\t\t\t\t\t<p>Ahora podemos encontrar una gran variedad de control de vacaciones como:<\/p>\t\t\t\t\t\t<\/div>\n\t\t\t\t<\/div>\n\t\t\t\t<div class=\"elementor-element elementor-element-acf3114 elementor-widget elementor-widget-heading\" data-id=\"acf3114\" data-element_type=\"widget\" data-widget_type=\"heading.default\">\n\t\t\t\t<div class=\"elementor-widget-container\">\n\t\t\t<h4 class=\"elementor-heading-title elementor-size-default\">Calendario de vacaciones.<\/h4>\t\t<\/div>\n\t\t\t\t<\/div>\n\t\t\t\t<div class=\"elementor-element elementor-element-d3949b1 elementor-widget elementor-widget-text-editor\" data-id=\"d3949b1\" data-element_type=\"widget\" data-widget_type=\"text-editor.default\">\n\t\t\t\t<div class=\"elementor-widget-container\">\n\t\t\t\t\t\t\t<p>La menos recomendable ya que genera errores en la empresa, con ella no se obtiene una correcta gesti\u00f3n\u00a0<span style=\"color: var( --e-global-color-text ); font-family: var( --e-global-typography-text-font-family ), Sans-serif; font-size: var( --e-global-typography-text-font-size ); font-weight: var( --e-global-typography-text-font-weight );\">ni organizaci\u00f3n.<\/span><\/p>\t\t\t\t\t\t<\/div>\n\t\t\t\t<\/div>\n\t\t\t\t<div class=\"elementor-element elementor-element-e247e2c elementor-widget elementor-widget-image\" data-id=\"e247e2c\" data-element_type=\"widget\" data-widget_type=\"image.default\">\n\t\t\t\t<div class=\"elementor-widget-container\">\n\t\t\t\t\t\t\t\t\t\t\t\t\t\t\t<img decoding=\"async\" width=\"640\" height=\"430\" src=\"https:\/\/www.competencia.com.ec\/corporativo\/wp-content\/uploads\/2022\/06\/Recurso-3.jpg\" class=\"attachment-large size-large\" alt=\"\" loading=\"lazy\" srcset=\"https:\/\/www.competencia.com.ec\/corporativo\/wp-content\/uploads\/2022\/06\/Recurso-3.jpg 901w, https:\/\/www.competencia.com.ec\/corporativo\/wp-content\/uploads\/2022\/06\/Recurso-3-558x375.jpg 558w, https:\/\/www.competencia.com.ec\/corporativo\/wp-content\/uploads\/2022\/06\/Recurso-3-768x517.jpg 768w, https:\/\/www.competencia.com.ec\/corporativo\/wp-content\/uploads\/2022\/06\/Recurso-3-600x404.jpg 600w\" sizes=\"(max-width: 640px) 100vw, 640px\" \/>\t\t\t\t\t\t\t\t\t\t\t\t\t\t\t<\/div>\n\t\t\t\t<\/div>\n\t\t\t\t<div class=\"elementor-element elementor-element-c375f18 elementor-widget elementor-widget-heading\" data-id=\"c375f18\" data-element_type=\"widget\" data-widget_type=\"heading.default\">\n\t\t\t\t<div class=\"elementor-widget-container\">\n\t\t\t<h4 class=\"elementor-heading-title elementor-size-default\">Documento de excel para vacaciones.<\/h4>\t\t<\/div>\n\t\t\t\t<\/div>\n\t\t\t\t<div class=\"elementor-element elementor-element-00b3d91 elementor-widget elementor-widget-text-editor\" data-id=\"00b3d91\" data-element_type=\"widget\" data-widget_type=\"text-editor.default\">\n\t\t\t\t<div class=\"elementor-widget-container\">\n\t\t\t\t\t\t\t<p>Esta puede llegar a ser una completa p\u00e9rdida de tiempo <strong>ya que requiere de tipear todos los datos<\/strong> manualmente.<br \/>Algunos de los problemas de este m\u00e9todo son:<\/p><p>&#8211; P\u00e9rdida de tiempo y posibles fallos por uso manual.<\/p><p>&#8211; No es interactivo.<\/p><p>&#8211; Lentitud al navegar por exceso de datos.<\/p><p>&#8211; Uso reducido, no se tiene acceso en todo momento.<\/p>\t\t\t\t\t\t<\/div>\n\t\t\t\t<\/div>\n\t\t\t\t<div class=\"elementor-element elementor-element-0fa6ab5 elementor-widget elementor-widget-image\" data-id=\"0fa6ab5\" data-element_type=\"widget\" data-widget_type=\"image.default\">\n\t\t\t\t<div class=\"elementor-widget-container\">\n\t\t\t\t\t\t\t\t\t\t\t\t\t\t\t<img decoding=\"async\" width=\"2560\" height=\"1003\" src=\"https:\/\/www.competencia.com.ec\/corporativo\/wp-content\/uploads\/2022\/06\/Recurso-4-scaled.jpg\" class=\"attachment-full size-full\" alt=\"\" loading=\"lazy\" srcset=\"https:\/\/www.competencia.com.ec\/corporativo\/wp-content\/uploads\/2022\/06\/Recurso-4-scaled.jpg 2560w, https:\/\/www.competencia.com.ec\/corporativo\/wp-content\/uploads\/2022\/06\/Recurso-4-957x375.jpg 957w, https:\/\/www.competencia.com.ec\/corporativo\/wp-content\/uploads\/2022\/06\/Recurso-4-1914x750.jpg 1914w, https:\/\/www.competencia.com.ec\/corporativo\/wp-content\/uploads\/2022\/06\/Recurso-4-640x250.jpg 640w, https:\/\/www.competencia.com.ec\/corporativo\/wp-content\/uploads\/2022\/06\/Recurso-4-768x301.jpg 768w, https:\/\/www.competencia.com.ec\/corporativo\/wp-content\/uploads\/2022\/06\/Recurso-4-1536x602.jpg 1536w, https:\/\/www.competencia.com.ec\/corporativo\/wp-content\/uploads\/2022\/06\/Recurso-4-2048x803.jpg 2048w, https:\/\/www.competencia.com.ec\/corporativo\/wp-content\/uploads\/2022\/06\/Recurso-4-600x235.jpg 600w, https:\/\/www.competencia.com.ec\/corporativo\/wp-content\/uploads\/2022\/06\/Recurso-4-1656x649.jpg 1656w\" sizes=\"(max-width: 2560px) 100vw, 2560px\" \/>\t\t\t\t\t\t\t\t\t\t\t\t\t\t\t<\/div>\n\t\t\t\t<\/div>\n\t\t\t\t<div class=\"elementor-element elementor-element-6f54361 elementor-widget elementor-widget-heading\" data-id=\"6f54361\" data-element_type=\"widget\" data-widget_type=\"heading.default\">\n\t\t\t\t<div class=\"elementor-widget-container\">\n\t\t\t<h4 class=\"elementor-heading-title elementor-size-default\">\u00bfPor qu\u00e9 implementar Software en el control de vacaciones? <\/h4>\t\t<\/div>\n\t\t\t\t<\/div>\n\t\t\t\t<div class=\"elementor-element elementor-element-fa519d3 elementor-widget elementor-widget-text-editor\" data-id=\"fa519d3\" data-element_type=\"widget\" data-widget_type=\"text-editor.default\">\n\t\t\t\t<div class=\"elementor-widget-container\">\n\t\t\t\t\t\t\t<p>Esta herramienta ser\u00e1 la mejor elecci\u00f3n en tu empresa, ya que aporta ventajas como:<\/p>\n<p>&#8211; Reducir la rotaci\u00f3n del personal.<\/p>\n<p>&#8211; Destinar de manera autom\u00e1tica los d\u00edas de vacaci\u00f3n a empleados.<\/p>\n<p>&#8211; Perfeccionar y ayudar a tener organizado el personal.<\/p>\n<p>&#8211; Disminuir conflictos en los trabajadores mediante consultas online de sus vacaciones.<\/p>\n<p>&#8211; Reducci\u00f3n de tiempos.<\/p>\n<p>&#8211; Acceso al calendario empresarial desde cualquier sitio.<\/p>\t\t\t\t\t\t<\/div>\n\t\t\t\t<\/div>\n\t\t\t\t<div class=\"elementor-element elementor-element-3689296 elementor-widget elementor-widget-heading\" data-id=\"3689296\" data-element_type=\"widget\" data-widget_type=\"heading.default\">\n\t\t\t\t<div class=\"elementor-widget-container\">\n\t\t\t<h4 class=\"elementor-heading-title elementor-size-default\">Errores habituales en el control de vacaciones.<\/h4>\t\t<\/div>\n\t\t\t\t<\/div>\n\t\t\t\t<div class=\"elementor-element elementor-element-0b60ef7 elementor-widget elementor-widget-text-editor\" data-id=\"0b60ef7\" data-element_type=\"widget\" data-widget_type=\"text-editor.default\">\n\t\t\t\t<div class=\"elementor-widget-container\">\n\t\t\t\t\t\t\t<p>Si no se tiene una herramienta que automatice estos procesos, se cometer\u00e1 estos errores en la gesti\u00f3n de vacaciones:<\/p>\t\t\t\t\t\t<\/div>\n\t\t\t\t<\/div>\n\t\t\t\t<div class=\"elementor-element elementor-element-b36d797 elementor-widget elementor-widget-heading\" data-id=\"b36d797\" data-element_type=\"widget\" data-widget_type=\"heading.default\">\n\t\t\t\t<div class=\"elementor-widget-container\">\n\t\t\t<h4 class=\"elementor-heading-title elementor-size-default\">Programar vacaciones con mucha antelaci\u00f3n <\/h4>\t\t<\/div>\n\t\t\t\t<\/div>\n\t\t\t\t<div class=\"elementor-element elementor-element-9af8b28 elementor-widget elementor-widget-text-editor\" data-id=\"9af8b28\" data-element_type=\"widget\" data-widget_type=\"text-editor.default\">\n\t\t\t\t<div class=\"elementor-widget-container\">\n\t\t\t\t\t\t\t<p>Este es un claro error ya que no se tiene en cuenta posibles modificaciones por fechas festivas y tengas que obligar a tus empleados a solicitar otras fechas de vacaci\u00f3n.<\/p>\t\t\t\t\t\t<\/div>\n\t\t\t\t<\/div>\n\t\t\t\t<div class=\"elementor-element elementor-element-cd90b7e elementor-widget elementor-widget-image\" data-id=\"cd90b7e\" data-element_type=\"widget\" data-widget_type=\"image.default\">\n\t\t\t\t<div class=\"elementor-widget-container\">\n\t\t\t\t\t\t\t\t\t\t\t\t\t\t\t<img decoding=\"async\" width=\"640\" height=\"584\" src=\"https:\/\/www.competencia.com.ec\/corporativo\/wp-content\/uploads\/2022\/06\/Recurso-5.jpg\" class=\"attachment-large size-large\" alt=\"\" loading=\"lazy\" srcset=\"https:\/\/www.competencia.com.ec\/corporativo\/wp-content\/uploads\/2022\/06\/Recurso-5.jpg 686w, https:\/\/www.competencia.com.ec\/corporativo\/wp-content\/uploads\/2022\/06\/Recurso-5-411x375.jpg 411w, https:\/\/www.competencia.com.ec\/corporativo\/wp-content\/uploads\/2022\/06\/Recurso-5-396x360.jpg 396w, https:\/\/www.competencia.com.ec\/corporativo\/wp-content\/uploads\/2022\/06\/Recurso-5-600x548.jpg 600w\" sizes=\"(max-width: 640px) 100vw, 640px\" \/>\t\t\t\t\t\t\t\t\t\t\t\t\t\t\t<\/div>\n\t\t\t\t<\/div>\n\t\t\t\t<div class=\"elementor-element elementor-element-0e16241 elementor-widget elementor-widget-heading\" data-id=\"0e16241\" data-element_type=\"widget\" data-widget_type=\"heading.default\">\n\t\t\t\t<div class=\"elementor-widget-container\">\n\t\t\t<h4 class=\"elementor-heading-title elementor-size-default\">Tareas duplicadas<\/h4>\t\t<\/div>\n\t\t\t\t<\/div>\n\t\t\t\t<div class=\"elementor-element elementor-element-9921482 elementor-widget elementor-widget-text-editor\" data-id=\"9921482\" data-element_type=\"widget\" data-widget_type=\"text-editor.default\">\n\t\t\t\t<div class=\"elementor-widget-container\">\n\t\t\t\t\t\t\t<p>Hay que tener en cuenta que cuando un trabajador solicite vacaciones siempre quede otro a cargo que conozca y desempe\u00f1e como responsable las tareas del otro empleado, lo que hacen las empresas es enviar un correo preguntando las fechas en las que desean tener sus vacaciones, siguiente a esto el responsable debe saber elegir a quien dar y quien no para evitar problemas en la empresa.<\/p><p>Para evitar estos problemas de p\u00e9rdida de tiempo el responsable de RR.HH. podr\u00e1 comprobar de manera directa en la plataforma solicitudes y ver si coinciden o se cruzan unas con otras.<\/p>\t\t\t\t\t\t<\/div>\n\t\t\t\t<\/div>\n\t\t\t\t<div class=\"elementor-element elementor-element-545f072 elementor-widget elementor-widget-image\" data-id=\"545f072\" data-element_type=\"widget\" data-widget_type=\"image.default\">\n\t\t\t\t<div class=\"elementor-widget-container\">\n\t\t\t\t\t\t\t\t\t\t\t\t\t\t\t<img decoding=\"async\" width=\"2560\" height=\"1005\" src=\"https:\/\/www.competencia.com.ec\/corporativo\/wp-content\/uploads\/2022\/06\/Recurso-6-scaled.jpg\" class=\"attachment-full size-full\" alt=\"\" loading=\"lazy\" srcset=\"https:\/\/www.competencia.com.ec\/corporativo\/wp-content\/uploads\/2022\/06\/Recurso-6-scaled.jpg 2560w, https:\/\/www.competencia.com.ec\/corporativo\/wp-content\/uploads\/2022\/06\/Recurso-6-955x375.jpg 955w, https:\/\/www.competencia.com.ec\/corporativo\/wp-content\/uploads\/2022\/06\/Recurso-6-1911x750.jpg 1911w, https:\/\/www.competencia.com.ec\/corporativo\/wp-content\/uploads\/2022\/06\/Recurso-6-640x250.jpg 640w, https:\/\/www.competencia.com.ec\/corporativo\/wp-content\/uploads\/2022\/06\/Recurso-6-768x301.jpg 768w, https:\/\/www.competencia.com.ec\/corporativo\/wp-content\/uploads\/2022\/06\/Recurso-6-1536x603.jpg 1536w, https:\/\/www.competencia.com.ec\/corporativo\/wp-content\/uploads\/2022\/06\/Recurso-6-2048x804.jpg 2048w, https:\/\/www.competencia.com.ec\/corporativo\/wp-content\/uploads\/2022\/06\/Recurso-6-600x236.jpg 600w, https:\/\/www.competencia.com.ec\/corporativo\/wp-content\/uploads\/2022\/06\/Recurso-6-1653x649.jpg 1653w\" sizes=\"(max-width: 2560px) 100vw, 2560px\" \/>\t\t\t\t\t\t\t\t\t\t\t\t\t\t\t<\/div>\n\t\t\t\t<\/div>\n\t\t\t\t<div class=\"elementor-element elementor-element-2b71000 elementor-widget elementor-widget-heading\" data-id=\"2b71000\" data-element_type=\"widget\" data-widget_type=\"heading.default\">\n\t\t\t\t<div class=\"elementor-widget-container\">\n\t\t\t<h4 class=\"elementor-heading-title elementor-size-default\">Utilizaci\u00f3n de herramientas obsoletas<\/h4>\t\t<\/div>\n\t\t\t\t<\/div>\n\t\t\t\t<div class=\"elementor-element elementor-element-cc4d339 elementor-widget elementor-widget-text-editor\" data-id=\"cc4d339\" data-element_type=\"widget\" data-widget_type=\"text-editor.default\">\n\t\t\t\t<div class=\"elementor-widget-container\">\n\t\t\t\t\t\t\t<p>Un claro ejemplo de esto es el uso de Excel para gestionar vacaciones, teniendo hoy en d\u00eda un sistema autom\u00e1tico que simplifica este proceso.<\/p>\t\t\t\t\t\t<\/div>\n\t\t\t\t<\/div>\n\t\t\t\t<div class=\"elementor-element elementor-element-9dd86a9 elementor-widget elementor-widget-image\" data-id=\"9dd86a9\" data-element_type=\"widget\" data-widget_type=\"image.default\">\n\t\t\t\t<div class=\"elementor-widget-container\">\n\t\t\t\t\t\t\t\t\t\t\t\t\t\t\t<img decoding=\"async\" width=\"640\" height=\"443\" src=\"https:\/\/www.competencia.com.ec\/corporativo\/wp-content\/uploads\/2022\/06\/Recurso-7.jpg\" class=\"attachment-large size-large\" alt=\"\" loading=\"lazy\" srcset=\"https:\/\/www.competencia.com.ec\/corporativo\/wp-content\/uploads\/2022\/06\/Recurso-7.jpg 937w, https:\/\/www.competencia.com.ec\/corporativo\/wp-content\/uploads\/2022\/06\/Recurso-7-542x375.jpg 542w, https:\/\/www.competencia.com.ec\/corporativo\/wp-content\/uploads\/2022\/06\/Recurso-7-768x531.jpg 768w, https:\/\/www.competencia.com.ec\/corporativo\/wp-content\/uploads\/2022\/06\/Recurso-7-600x415.jpg 600w\" sizes=\"(max-width: 640px) 100vw, 640px\" \/>\t\t\t\t\t\t\t\t\t\t\t\t\t\t\t<\/div>\n\t\t\t\t<\/div>\n\t\t\t\t<div class=\"elementor-element elementor-element-de56049 elementor-widget elementor-widget-heading\" data-id=\"de56049\" data-element_type=\"widget\" data-widget_type=\"heading.default\">\n\t\t\t\t<div class=\"elementor-widget-container\">\n\t\t\t<h4 class=\"elementor-heading-title elementor-size-default\">\u00bfC\u00f3mo lograr mejorar la gesti\u00f3n de vacaciones?\n<\/h4>\t\t<\/div>\n\t\t\t\t<\/div>\n\t\t\t\t<div class=\"elementor-element elementor-element-790af34 elementor-widget elementor-widget-text-editor\" data-id=\"790af34\" data-element_type=\"widget\" data-widget_type=\"text-editor.default\">\n\t\t\t\t<div class=\"elementor-widget-container\">\n\t\t\t\t\t\t\t<p>Tenemos 4 formas de hacerlo las cuales son:<\/p>\t\t\t\t\t\t<\/div>\n\t\t\t\t<\/div>\n\t\t\t\t<div class=\"elementor-element elementor-element-f44a718 elementor-widget elementor-widget-heading\" data-id=\"f44a718\" data-element_type=\"widget\" data-widget_type=\"heading.default\">\n\t\t\t\t<div class=\"elementor-widget-container\">\n\t\t\t<h4 class=\"elementor-heading-title elementor-size-default\">Calcular de forma autom\u00e1tica las vacaciones de tus empleados<\/h4>\t\t<\/div>\n\t\t\t\t<\/div>\n\t\t\t\t<div class=\"elementor-element elementor-element-719c61b elementor-widget elementor-widget-text-editor\" data-id=\"719c61b\" data-element_type=\"widget\" data-widget_type=\"text-editor.default\">\n\t\t\t\t<div class=\"elementor-widget-container\">\n\t\t\t\t\t\t\t<p>Los responsables de cada \u00e1rea o de la compa\u00f1\u00eda podr\u00e1n saber cu\u00e1ntos d\u00edas de vacaci\u00f3n quedan a sus\u00a0<span style=\"color: var( --e-global-color-text ); font-family: var( --e-global-typography-text-font-family ), Sans-serif; font-size: var( --e-global-typography-text-font-size ); font-weight: var( --e-global-typography-text-font-weight );\">empleados mediante software.<\/span><\/p>\t\t\t\t\t\t<\/div>\n\t\t\t\t<\/div>\n\t\t\t\t<div class=\"elementor-element elementor-element-94d985b elementor-widget elementor-widget-image\" data-id=\"94d985b\" data-element_type=\"widget\" data-widget_type=\"image.default\">\n\t\t\t\t<div class=\"elementor-widget-container\">\n\t\t\t\t\t\t\t\t\t\t\t\t\t\t\t<img decoding=\"async\" width=\"640\" height=\"240\" src=\"https:\/\/www.competencia.com.ec\/corporativo\/wp-content\/uploads\/2022\/06\/Recurso-8.jpg\" class=\"attachment-large size-large\" alt=\"\" loading=\"lazy\" srcset=\"https:\/\/www.competencia.com.ec\/corporativo\/wp-content\/uploads\/2022\/06\/Recurso-8.jpg 934w, https:\/\/www.competencia.com.ec\/corporativo\/wp-content\/uploads\/2022\/06\/Recurso-8-768x288.jpg 768w, https:\/\/www.competencia.com.ec\/corporativo\/wp-content\/uploads\/2022\/06\/Recurso-8-600x225.jpg 600w\" sizes=\"(max-width: 640px) 100vw, 640px\" \/>\t\t\t\t\t\t\t\t\t\t\t\t\t\t\t<\/div>\n\t\t\t\t<\/div>\n\t\t\t\t<div class=\"elementor-element elementor-element-9e0726b elementor-widget elementor-widget-heading\" data-id=\"9e0726b\" data-element_type=\"widget\" data-widget_type=\"heading.default\">\n\t\t\t\t<div class=\"elementor-widget-container\">\n\t\t\t<h4 class=\"elementor-heading-title elementor-size-default\">Obt\u00e9n alertas autom\u00e1ticas<\/h4>\t\t<\/div>\n\t\t\t\t<\/div>\n\t\t\t\t<div class=\"elementor-element elementor-element-a5272f8 elementor-widget elementor-widget-text-editor\" data-id=\"a5272f8\" data-element_type=\"widget\" data-widget_type=\"text-editor.default\">\n\t\t\t\t<div class=\"elementor-widget-container\">\n\t\t\t\t\t\t\t<p>Para evitar que el departamento de RR.HH. olvide respecto a las vacaciones de sus empleados, tenemos al software capaz de evitar estas situaciones mediante alertas autom\u00e1ticas para mantener todo organizado.<\/p>\t\t\t\t\t\t<\/div>\n\t\t\t\t<\/div>\n\t\t\t\t<div class=\"elementor-element elementor-element-26cdd3f elementor-widget elementor-widget-image\" data-id=\"26cdd3f\" data-element_type=\"widget\" data-widget_type=\"image.default\">\n\t\t\t\t<div class=\"elementor-widget-container\">\n\t\t\t\t\t\t\t\t\t\t\t\t\t\t\t<img decoding=\"async\" width=\"640\" height=\"391\" src=\"https:\/\/www.competencia.com.ec\/corporativo\/wp-content\/uploads\/2022\/06\/Recurso-9.jpg\" class=\"attachment-large size-large\" alt=\"\" loading=\"lazy\" srcset=\"https:\/\/www.competencia.com.ec\/corporativo\/wp-content\/uploads\/2022\/06\/Recurso-9.jpg 941w, https:\/\/www.competencia.com.ec\/corporativo\/wp-content\/uploads\/2022\/06\/Recurso-9-614x375.jpg 614w, https:\/\/www.competencia.com.ec\/corporativo\/wp-content\/uploads\/2022\/06\/Recurso-9-768x469.jpg 768w, https:\/\/www.competencia.com.ec\/corporativo\/wp-content\/uploads\/2022\/06\/Recurso-9-600x367.jpg 600w\" sizes=\"(max-width: 640px) 100vw, 640px\" \/>\t\t\t\t\t\t\t\t\t\t\t\t\t\t\t<\/div>\n\t\t\t\t<\/div>\n\t\t\t\t<div class=\"elementor-element elementor-element-9732d80 elementor-widget elementor-widget-heading\" data-id=\"9732d80\" data-element_type=\"widget\" data-widget_type=\"heading.default\">\n\t\t\t\t<div class=\"elementor-widget-container\">\n\t\t\t<h4 class=\"elementor-heading-title elementor-size-default\">Correcta comunicaci\u00f3n con los empleados\n<\/h4>\t\t<\/div>\n\t\t\t\t<\/div>\n\t\t\t\t<div class=\"elementor-element elementor-element-028beda elementor-widget elementor-widget-text-editor\" data-id=\"028beda\" data-element_type=\"widget\" data-widget_type=\"text-editor.default\">\n\t\t\t\t<div class=\"elementor-widget-container\">\n\t\t\t\t\t\t\t<p>La practicidad que te brinda un sistema de control de vacaciones permitir\u00e1 saber a todos la plantilla del calendario laboral, as\u00ed podr\u00e1n saber si hay espacio para solicitar vacaciones de forma r\u00e1pida y \u00e1gil.<\/p><p>Desde un inicio los empleados podr\u00e1n saber cu\u00e1ntos pueden agarrar vacaci\u00f3n en las mismas fechas o cuando no podr\u00e1n tener acceso a las mismas.<\/p>\t\t\t\t\t\t<\/div>\n\t\t\t\t<\/div>\n\t\t\t\t<div class=\"elementor-element elementor-element-e6a6715 elementor-widget elementor-widget-image\" data-id=\"e6a6715\" data-element_type=\"widget\" data-widget_type=\"image.default\">\n\t\t\t\t<div class=\"elementor-widget-container\">\n\t\t\t\t\t\t\t\t\t\t\t\t\t\t\t<img decoding=\"async\" width=\"640\" height=\"636\" src=\"https:\/\/www.competencia.com.ec\/corporativo\/wp-content\/uploads\/2022\/06\/Recurso-10.jpg\" class=\"attachment-large size-large\" alt=\"\" loading=\"lazy\" srcset=\"https:\/\/www.competencia.com.ec\/corporativo\/wp-content\/uploads\/2022\/06\/Recurso-10.jpg 641w, https:\/\/www.competencia.com.ec\/corporativo\/wp-content\/uploads\/2022\/06\/Recurso-10-377x375.jpg 377w, https:\/\/www.competencia.com.ec\/corporativo\/wp-content\/uploads\/2022\/06\/Recurso-10-600x596.jpg 600w\" sizes=\"(max-width: 640px) 100vw, 640px\" \/>\t\t\t\t\t\t\t\t\t\t\t\t\t\t\t<\/div>\n\t\t\t\t<\/div>\n\t\t\t\t<div class=\"elementor-element elementor-element-dcf57b9 elementor-widget elementor-widget-heading\" data-id=\"dcf57b9\" data-element_type=\"widget\" data-widget_type=\"heading.default\">\n\t\t\t\t<div class=\"elementor-widget-container\">\n\t\t\t<h4 class=\"elementor-heading-title elementor-size-default\">Informes para gesti\u00f3n de vacaciones<\/h4>\t\t<\/div>\n\t\t\t\t<\/div>\n\t\t\t\t<div class=\"elementor-element elementor-element-30f3cba elementor-widget elementor-widget-text-editor\" data-id=\"30f3cba\" data-element_type=\"widget\" data-widget_type=\"text-editor.default\">\n\t\t\t\t<div class=\"elementor-widget-container\">\n\t\t\t\t\t\t\t<p>Gestiona las vacaciones de tu plantilla con informes precisos y f\u00e1ciles de entender<\/p>\t\t\t\t\t\t<\/div>\n\t\t\t\t<\/div>\n\t\t\t\t<div class=\"elementor-element elementor-element-f9d57dd elementor-widget elementor-widget-image\" data-id=\"f9d57dd\" data-element_type=\"widget\" data-widget_type=\"image.default\">\n\t\t\t\t<div class=\"elementor-widget-container\">\n\t\t\t\t\t\t\t\t\t\t\t\t\t\t\t<img decoding=\"async\" width=\"640\" height=\"319\" src=\"https:\/\/www.competencia.com.ec\/corporativo\/wp-content\/uploads\/2022\/06\/Recurso-11.jpg\" class=\"attachment-large size-large\" alt=\"\" loading=\"lazy\" srcset=\"https:\/\/www.competencia.com.ec\/corporativo\/wp-content\/uploads\/2022\/06\/Recurso-11.jpg 929w, https:\/\/www.competencia.com.ec\/corporativo\/wp-content\/uploads\/2022\/06\/Recurso-11-752x375.jpg 752w, https:\/\/www.competencia.com.ec\/corporativo\/wp-content\/uploads\/2022\/06\/Recurso-11-768x383.jpg 768w, https:\/\/www.competencia.com.ec\/corporativo\/wp-content\/uploads\/2022\/06\/Recurso-11-600x299.jpg 600w\" sizes=\"(max-width: 640px) 100vw, 640px\" \/>\t\t\t\t\t\t\t\t\t\t\t\t\t\t\t<\/div>\n\t\t\t\t<\/div>\n\t\t\t\t<div class=\"elementor-element elementor-element-8088964 elementor-widget elementor-widget-image\" data-id=\"8088964\" data-element_type=\"widget\" data-widget_type=\"image.default\">\n\t\t\t\t<div class=\"elementor-widget-container\">\n\t\t\t\t\t\t\t\t\t\t\t\t\t\t\t\t<a href=\"#elementor-action%3Aaction%3Dpopup%3Aopen%26settings%3DeyJpZCI6IjkyMSIsInRvZ2dsZSI6ZmFsc2V9\">\n\t\t\t\t\t\t\t<img decoding=\"async\" width=\"2560\" height=\"992\" src=\"https:\/\/www.competencia.com.ec\/corporativo\/wp-content\/uploads\/2022\/06\/Recurso-12-scaled.jpg\" class=\"attachment-full size-full\" alt=\"\" loading=\"lazy\" srcset=\"https:\/\/www.competencia.com.ec\/corporativo\/wp-content\/uploads\/2022\/06\/Recurso-12-scaled.jpg 2560w, https:\/\/www.competencia.com.ec\/corporativo\/wp-content\/uploads\/2022\/06\/Recurso-12-960x372.jpg 960w, https:\/\/www.competencia.com.ec\/corporativo\/wp-content\/uploads\/2022\/06\/Recurso-12-1920x744.jpg 1920w, https:\/\/www.competencia.com.ec\/corporativo\/wp-content\/uploads\/2022\/06\/Recurso-12-768x297.jpg 768w, https:\/\/www.competencia.com.ec\/corporativo\/wp-content\/uploads\/2022\/06\/Recurso-12-1536x595.jpg 1536w, https:\/\/www.competencia.com.ec\/corporativo\/wp-content\/uploads\/2022\/06\/Recurso-12-2048x793.jpg 2048w, https:\/\/www.competencia.com.ec\/corporativo\/wp-content\/uploads\/2022\/06\/Recurso-12-600x232.jpg 600w, https:\/\/www.competencia.com.ec\/corporativo\/wp-content\/uploads\/2022\/06\/Recurso-12-1675x649.jpg 1675w\" sizes=\"(max-width: 2560px) 100vw, 2560px\" \/>\t\t\t\t\t\t\t\t<\/a>\n\t\t\t\t\t\t\t\t\t\t\t\t\t\t\t<\/div>\n\t\t\t\t<\/div>\n\t\t\t\t\t<\/div>\n\t\t<\/div>\n\t\t\t\t\t\t\t<\/div>\n\t\t<\/section>\n\t\t\t\t\t\t<\/div>\n\t\t\t\t\t<\/div>\n\t\t","protected":false},"excerpt":{"rendered":"<p>Sabemos que la planificaci\u00f3n de vacaciones en tus empleados puede llegar a ser un gran problema, en especial para el departamento de RR.HH. que llegan a recibir varios mails con solicitudes de vacaciones o dudas de las mismas, esto sumado a la dificultad si se gesti\u00f3n\u2026.<\/p>\n","protected":false},"author":1,"featured_media":2752,"comment_status":"open","ping_status":"open","sticky":false,"template":"","format":"standard","meta":[],"categories":[17],"tags":[],"yoast_head":"<!-- This site is optimized with the Yoast SEO plugin v20.4 - https:\/\/yoast.com\/wordpress\/plugins\/seo\/ -->\n<title>Lleva un correcto monitoreo de las vacaciones de tus empleados de manera sencilla - La Competencia S.A<\/title>\n<meta name=\"robots\" content=\"index, follow, max-snippet:-1, max-image-preview:large, max-video-preview:-1\" \/>\n<link rel=\"canonical\" href=\"https:\/\/www.competencia.com.ec\/corporativo\/lleva-un-correcto-monitoreo-de-las-vacaciones-de-tus-empleados-de-manera-sencilla\/\" \/>\n<meta property=\"og:locale\" content=\"es_ES\" \/>\n<meta property=\"og:type\" content=\"article\" \/>\n<meta property=\"og:title\" content=\"Lleva un correcto monitoreo de las vacaciones de tus empleados de manera sencilla - La Competencia S.A\" \/>\n<meta property=\"og:description\" content=\"Sabemos que la planificaci\u00f3n de vacaciones en tus empleados puede llegar a ser un gran problema, en especial para el departamento de RR.HH. que llegan a recibir varios mails con solicitudes de vacaciones o dudas de las mismas, esto sumado a la dificultad si se gesti\u00f3n\u2026.\" \/>\n<meta property=\"og:url\" content=\"https:\/\/www.competencia.com.ec\/corporativo\/lleva-un-correcto-monitoreo-de-las-vacaciones-de-tus-empleados-de-manera-sencilla\/\" \/>\n<meta property=\"og:site_name\" content=\"La Competencia S.A\" \/>\n<meta property=\"article:publisher\" content=\"https:\/\/www.facebook.com\/lacompetenciasa\/\" \/>\n<meta property=\"article:published_time\" content=\"2022-06-20T13:35:43+00:00\" \/>\n<meta property=\"article:modified_time\" content=\"2022-08-16T16:52:05+00:00\" \/>\n<meta property=\"og:image\" content=\"https:\/\/www.competencia.com.ec\/corporativo\/wp-content\/uploads\/2022\/06\/Recurso-1-scaled.jpg\" \/>\n\t<meta property=\"og:image:width\" content=\"2560\" \/>\n\t<meta property=\"og:image:height\" content=\"999\" \/>\n\t<meta property=\"og:image:type\" content=\"image\/jpeg\" \/>\n<meta name=\"author\" content=\"admin\" \/>\n<meta name=\"twitter:card\" content=\"summary_large_image\" \/>\n<meta name=\"twitter:label1\" content=\"Escrito por\" \/>\n\t<meta name=\"twitter:data1\" content=\"admin\" \/>\n\t<meta name=\"twitter:label2\" content=\"Tiempo de lectura\" \/>\n\t<meta name=\"twitter:data2\" content=\"6 minutos\" \/>\n<script type=\"application\/ld+json\" class=\"yoast-schema-graph\">{\"@context\":\"https:\/\/schema.org\",\"@graph\":[{\"@type\":\"Article\",\"@id\":\"https:\/\/www.competencia.com.ec\/corporativo\/lleva-un-correcto-monitoreo-de-las-vacaciones-de-tus-empleados-de-manera-sencilla\/#article\",\"isPartOf\":{\"@id\":\"https:\/\/www.competencia.com.ec\/corporativo\/lleva-un-correcto-monitoreo-de-las-vacaciones-de-tus-empleados-de-manera-sencilla\/\"},\"author\":{\"name\":\"admin\",\"@id\":\"https:\/\/www.competencia.com.ec\/corporativo\/#\/schema\/person\/e1433f47ae15c214ad0b77407f167624\"},\"headline\":\"Lleva un correcto monitoreo de las vacaciones de tus empleados de manera sencilla\",\"datePublished\":\"2022-06-20T13:35:43+00:00\",\"dateModified\":\"2022-08-16T16:52:05+00:00\",\"mainEntityOfPage\":{\"@id\":\"https:\/\/www.competencia.com.ec\/corporativo\/lleva-un-correcto-monitoreo-de-las-vacaciones-de-tus-empleados-de-manera-sencilla\/\"},\"wordCount\":785,\"commentCount\":0,\"publisher\":{\"@id\":\"https:\/\/www.competencia.com.ec\/corporativo\/#organization\"},\"articleSection\":[\"Tiempo, Asistencia, Gesti\u00f3n y Seguridad\"],\"inLanguage\":\"es\",\"potentialAction\":[{\"@type\":\"CommentAction\",\"name\":\"Comment\",\"target\":[\"https:\/\/www.competencia.com.ec\/corporativo\/lleva-un-correcto-monitoreo-de-las-vacaciones-de-tus-empleados-de-manera-sencilla\/#respond\"]}]},{\"@type\":\"WebPage\",\"@id\":\"https:\/\/www.competencia.com.ec\/corporativo\/lleva-un-correcto-monitoreo-de-las-vacaciones-de-tus-empleados-de-manera-sencilla\/\",\"url\":\"https:\/\/www.competencia.com.ec\/corporativo\/lleva-un-correcto-monitoreo-de-las-vacaciones-de-tus-empleados-de-manera-sencilla\/\",\"name\":\"Lleva un correcto monitoreo de las vacaciones de tus empleados de manera sencilla - La Competencia S.A\",\"isPartOf\":{\"@id\":\"https:\/\/www.competencia.com.ec\/corporativo\/#website\"},\"datePublished\":\"2022-06-20T13:35:43+00:00\",\"dateModified\":\"2022-08-16T16:52:05+00:00\",\"breadcrumb\":{\"@id\":\"https:\/\/www.competencia.com.ec\/corporativo\/lleva-un-correcto-monitoreo-de-las-vacaciones-de-tus-empleados-de-manera-sencilla\/#breadcrumb\"},\"inLanguage\":\"es\",\"potentialAction\":[{\"@type\":\"ReadAction\",\"target\":[\"https:\/\/www.competencia.com.ec\/corporativo\/lleva-un-correcto-monitoreo-de-las-vacaciones-de-tus-empleados-de-manera-sencilla\/\"]}]},{\"@type\":\"BreadcrumbList\",\"@id\":\"https:\/\/www.competencia.com.ec\/corporativo\/lleva-un-correcto-monitoreo-de-las-vacaciones-de-tus-empleados-de-manera-sencilla\/#breadcrumb\",\"itemListElement\":[{\"@type\":\"ListItem\",\"position\":1,\"name\":\"Portada\",\"item\":\"https:\/\/www.competencia.com.ec\/corporativo\/\"},{\"@type\":\"ListItem\",\"position\":2,\"name\":\"Tiempo, Asistencia, Gesti\u00f3n y Seguridad\",\"item\":\"https:\/\/www.competencia.com.ec\/corporativo\/category\/tags\/\"},{\"@type\":\"ListItem\",\"position\":3,\"name\":\"Lleva un correcto monitoreo de las vacaciones de tus empleados de manera sencilla\"}]},{\"@type\":\"WebSite\",\"@id\":\"https:\/\/www.competencia.com.ec\/corporativo\/#website\",\"url\":\"https:\/\/www.competencia.com.ec\/corporativo\/\",\"name\":\"La Competencia S.A\",\"description\":\"Otro sitio realizado con WordPress\",\"publisher\":{\"@id\":\"https:\/\/www.competencia.com.ec\/corporativo\/#organization\"},\"alternateName\":\"competencia.com.ec\",\"potentialAction\":[{\"@type\":\"SearchAction\",\"target\":{\"@type\":\"EntryPoint\",\"urlTemplate\":\"https:\/\/www.competencia.com.ec\/corporativo\/?s={search_term_string}\"},\"query-input\":\"required name=search_term_string\"}],\"inLanguage\":\"es\"},{\"@type\":\"Organization\",\"@id\":\"https:\/\/www.competencia.com.ec\/corporativo\/#organization\",\"name\":\"LA COMPETENCIA S.A.\",\"alternateName\":\"competencia.com.ec\",\"url\":\"https:\/\/www.competencia.com.ec\/corporativo\/\",\"logo\":{\"@type\":\"ImageObject\",\"inLanguage\":\"es\",\"@id\":\"https:\/\/www.competencia.com.ec\/corporativo\/#\/schema\/logo\/image\/\",\"url\":\"https:\/\/www.competencia.com.ec\/corporativo\/wp-content\/uploads\/2022\/03\/cropped-Logo-horizontal-230x35-1.png\",\"contentUrl\":\"https:\/\/www.competencia.com.ec\/corporativo\/wp-content\/uploads\/2022\/03\/cropped-Logo-horizontal-230x35-1.png\",\"width\":230,\"height\":35,\"caption\":\"LA COMPETENCIA S.A.\"},\"image\":{\"@id\":\"https:\/\/www.competencia.com.ec\/corporativo\/#\/schema\/logo\/image\/\"},\"sameAs\":[\"https:\/\/www.facebook.com\/lacompetenciasa\/\"]},{\"@type\":\"Person\",\"@id\":\"https:\/\/www.competencia.com.ec\/corporativo\/#\/schema\/person\/e1433f47ae15c214ad0b77407f167624\",\"name\":\"admin\",\"image\":{\"@type\":\"ImageObject\",\"inLanguage\":\"es\",\"@id\":\"https:\/\/www.competencia.com.ec\/corporativo\/#\/schema\/person\/image\/\",\"url\":\"https:\/\/secure.gravatar.com\/avatar\/ad516503a11cd5ca435acc9bb6523536?s=150&#038;d=mm&#038;r=gforcedefault=1\",\"contentUrl\":\"https:\/\/secure.gravatar.com\/avatar\/ad516503a11cd5ca435acc9bb6523536?s=150&#038;d=mm&#038;r=gforcedefault=1\",\"caption\":\"admin\"},\"sameAs\":[\"http:\/\/10.0.0.35\/compe_corp\"]}]}<\/script>\n<!-- \/ Yoast SEO plugin. -->","yoast_head_json":{"title":"Lleva un correcto monitoreo de las vacaciones de tus empleados de manera sencilla - La Competencia S.A","robots":{"index":"index","follow":"follow","max-snippet":"max-snippet:-1","max-image-preview":"max-image-preview:large","max-video-preview":"max-video-preview:-1"},"canonical":"https:\/\/www.competencia.com.ec\/corporativo\/lleva-un-correcto-monitoreo-de-las-vacaciones-de-tus-empleados-de-manera-sencilla\/","og_locale":"es_ES","og_type":"article","og_title":"Lleva un correcto monitoreo de las vacaciones de tus empleados de manera sencilla - La Competencia S.A","og_description":"Sabemos que la planificaci\u00f3n de vacaciones en tus empleados puede llegar a ser un gran problema, en especial para el departamento de RR.HH. que llegan a recibir varios mails con solicitudes de vacaciones o dudas de las mismas, esto sumado a la dificultad si se gesti\u00f3n\u2026.","og_url":"https:\/\/www.competencia.com.ec\/corporativo\/lleva-un-correcto-monitoreo-de-las-vacaciones-de-tus-empleados-de-manera-sencilla\/","og_site_name":"La Competencia S.A","article_publisher":"https:\/\/www.facebook.com\/lacompetenciasa\/","article_published_time":"2022-06-20T13:35:43+00:00","article_modified_time":"2022-08-16T16:52:05+00:00","og_image":[{"width":2560,"height":999,"url":"https:\/\/www.competencia.com.ec\/corporativo\/wp-content\/uploads\/2022\/06\/Recurso-1-scaled.jpg","type":"image\/jpeg"}],"author":"admin","twitter_card":"summary_large_image","twitter_misc":{"Escrito por":"admin","Tiempo de lectura":"6 minutos"},"schema":{"@context":"https:\/\/schema.org","@graph":[{"@type":"Article","@id":"https:\/\/www.competencia.com.ec\/corporativo\/lleva-un-correcto-monitoreo-de-las-vacaciones-de-tus-empleados-de-manera-sencilla\/#article","isPartOf":{"@id":"https:\/\/www.competencia.com.ec\/corporativo\/lleva-un-correcto-monitoreo-de-las-vacaciones-de-tus-empleados-de-manera-sencilla\/"},"author":{"name":"admin","@id":"https:\/\/www.competencia.com.ec\/corporativo\/#\/schema\/person\/e1433f47ae15c214ad0b77407f167624"},"headline":"Lleva un correcto monitoreo de las vacaciones de tus empleados de manera sencilla","datePublished":"2022-06-20T13:35:43+00:00","dateModified":"2022-08-16T16:52:05+00:00","mainEntityOfPage":{"@id":"https:\/\/www.competencia.com.ec\/corporativo\/lleva-un-correcto-monitoreo-de-las-vacaciones-de-tus-empleados-de-manera-sencilla\/"},"wordCount":785,"commentCount":0,"publisher":{"@id":"https:\/\/www.competencia.com.ec\/corporativo\/#organization"},"articleSection":["Tiempo, Asistencia, Gesti\u00f3n y Seguridad"],"inLanguage":"es","potentialAction":[{"@type":"CommentAction","name":"Comment","target":["https:\/\/www.competencia.com.ec\/corporativo\/lleva-un-correcto-monitoreo-de-las-vacaciones-de-tus-empleados-de-manera-sencilla\/#respond"]}]},{"@type":"WebPage","@id":"https:\/\/www.competencia.com.ec\/corporativo\/lleva-un-correcto-monitoreo-de-las-vacaciones-de-tus-empleados-de-manera-sencilla\/","url":"https:\/\/www.competencia.com.ec\/corporativo\/lleva-un-correcto-monitoreo-de-las-vacaciones-de-tus-empleados-de-manera-sencilla\/","name":"Lleva un correcto monitoreo de las vacaciones de tus empleados de manera sencilla - La Competencia S.A","isPartOf":{"@id":"https:\/\/www.competencia.com.ec\/corporativo\/#website"},"datePublished":"2022-06-20T13:35:43+00:00","dateModified":"2022-08-16T16:52:05+00:00","breadcrumb":{"@id":"https:\/\/www.competencia.com.ec\/corporativo\/lleva-un-correcto-monitoreo-de-las-vacaciones-de-tus-empleados-de-manera-sencilla\/#breadcrumb"},"inLanguage":"es","potentialAction":[{"@type":"ReadAction","target":["https:\/\/www.competencia.com.ec\/corporativo\/lleva-un-correcto-monitoreo-de-las-vacaciones-de-tus-empleados-de-manera-sencilla\/"]}]},{"@type":"BreadcrumbList","@id":"https:\/\/www.competencia.com.ec\/corporativo\/lleva-un-correcto-monitoreo-de-las-vacaciones-de-tus-empleados-de-manera-sencilla\/#breadcrumb","itemListElement":[{"@type":"ListItem","position":1,"name":"Portada","item":"https:\/\/www.competencia.com.ec\/corporativo\/"},{"@type":"ListItem","position":2,"name":"Tiempo, Asistencia, Gesti\u00f3n y Seguridad","item":"https:\/\/www.competencia.com.ec\/corporativo\/category\/tags\/"},{"@type":"ListItem","position":3,"name":"Lleva un correcto monitoreo de las vacaciones de tus empleados de manera sencilla"}]},{"@type":"WebSite","@id":"https:\/\/www.competencia.com.ec\/corporativo\/#website","url":"https:\/\/www.competencia.com.ec\/corporativo\/","name":"La Competencia S.A","description":"Otro sitio realizado con WordPress","publisher":{"@id":"https:\/\/www.competencia.com.ec\/corporativo\/#organization"},"alternateName":"competencia.com.ec","potentialAction":[{"@type":"SearchAction","target":{"@type":"EntryPoint","urlTemplate":"https:\/\/www.competencia.com.ec\/corporativo\/?s={search_term_string}"},"query-input":"required name=search_term_string"}],"inLanguage":"es"},{"@type":"Organization","@id":"https:\/\/www.competencia.com.ec\/corporativo\/#organization","name":"LA COMPETENCIA S.A.","alternateName":"competencia.com.ec","url":"https:\/\/www.competencia.com.ec\/corporativo\/","logo":{"@type":"ImageObject","inLanguage":"es","@id":"https:\/\/www.competencia.com.ec\/corporativo\/#\/schema\/logo\/image\/","url":"https:\/\/www.competencia.com.ec\/corporativo\/wp-content\/uploads\/2022\/03\/cropped-Logo-horizontal-230x35-1.png","contentUrl":"https:\/\/www.competencia.com.ec\/corporativo\/wp-content\/uploads\/2022\/03\/cropped-Logo-horizontal-230x35-1.png","width":230,"height":35,"caption":"LA COMPETENCIA S.A."},"image":{"@id":"https:\/\/www.competencia.com.ec\/corporativo\/#\/schema\/logo\/image\/"},"sameAs":["https:\/\/www.facebook.com\/lacompetenciasa\/"]},{"@type":"Person","@id":"https:\/\/www.competencia.com.ec\/corporativo\/#\/schema\/person\/e1433f47ae15c214ad0b77407f167624","name":"admin","image":{"@type":"ImageObject","inLanguage":"es","@id":"https:\/\/www.competencia.com.ec\/corporativo\/#\/schema\/person\/image\/","url":"https:\/\/secure.gravatar.com\/avatar\/ad516503a11cd5ca435acc9bb6523536?s=150&#038;d=mm&#038;r=gforcedefault=1","contentUrl":"https:\/\/secure.gravatar.com\/avatar\/ad516503a11cd5ca435acc9bb6523536?s=150&#038;d=mm&#038;r=gforcedefault=1","caption":"admin"},"sameAs":["http:\/\/10.0.0.35\/compe_corp"]}]}},"_links":{"self":[{"href":"https:\/\/www.competencia.com.ec\/corporativo\/wp-json\/wp\/v2\/posts\/2751"}],"collection":[{"href":"https:\/\/www.competencia.com.ec\/corporativo\/wp-json\/wp\/v2\/posts"}],"about":[{"href":"https:\/\/www.competencia.com.ec\/corporativo\/wp-json\/wp\/v2\/types\/post"}],"author":[{"embeddable":true,"href":"https:\/\/www.competencia.com.ec\/corporativo\/wp-json\/wp\/v2\/users\/1"}],"replies":[{"embeddable":true,"href":"https:\/\/www.competencia.com.ec\/corporativo\/wp-json\/wp\/v2\/comments?post=2751"}],"version-history":[{"count":22,"href":"https:\/\/www.competencia.com.ec\/corporativo\/wp-json\/wp\/v2\/posts\/2751\/revisions"}],"predecessor-version":[{"id":5877,"href":"https:\/\/www.competencia.com.ec\/corporativo\/wp-json\/wp\/v2\/posts\/2751\/revisions\/5877"}],"wp:featuredmedia":[{"embeddable":true,"href":"https:\/\/www.competencia.com.ec\/corporativo\/wp-json\/wp\/v2\/media\/2752"}],"wp:attachment":[{"href":"https:\/\/www.competencia.com.ec\/corporativo\/wp-json\/wp\/v2\/media?parent=2751"}],"wp:term":[{"taxonomy":"category","embeddable":true,"href":"https:\/\/www.competencia.com.ec\/corporativo\/wp-json\/wp\/v2\/categories?post=2751"},{"taxonomy":"post_tag","embeddable":true,"href":"https:\/\/www.competencia.com.ec\/corporativo\/wp-json\/wp\/v2\/tags?post=2751"}],"curies":[{"name":"wp","href":"https:\/\/api.w.org\/{rel}","templated":true}]}}